{"id":37860,"date":"2024-01-03T17:22:02","date_gmt":"2024-01-03T20:22:02","guid":{"rendered":"http:\/\/jornaldeitaipava.com.br\/?p=37860"},"modified":"2024-01-03T17:22:06","modified_gmt":"2024-01-03T20:22:06","slug":"marcelo-falcao-dudu-nobre-e-tony-garrido-no-festival-de-verao-de-saquarema","status":"publish","type":"post","link":"https:\/\/jornaldeitaipava.com.br\/index.php\/2024\/01\/03\/marcelo-falcao-dudu-nobre-e-tony-garrido-no-festival-de-verao-de-saquarema\/","title":{"rendered":"Marcelo Falc\u00e3o, Dudu Nobre e Tony Garrido no Festival de Ver\u00e3o de Saquarema"},"content":{"rendered":"\n<p>Saquarema se prepara para receber mais uma edi\u00e7\u00e3o do Festival de Ver\u00e3o. Promovido pela Prefeitura por meio da Secretaria Municipal de Esporte, Lazer e Turismo, o evento, j\u00e1 tradicional na cidade, promete agitar moradores e turistas durante os meses de janeiro e fevereiro, oferecendo uma programa\u00e7\u00e3o diversificada.<br>O destaque da abertura fica por conta do renomado cantor Marcelo Falc\u00e3o, que comandar\u00e1 no dia 05 de janeiro, um super show na Pra\u00e7a do Cora\u00e7\u00e3o, no Centro, a partir das 21 horas. O p\u00fablico pode esperar um espet\u00e1culo envolvente, marcado pelo talento e carisma do artista.<br>Ex-vocalista da banda O Rappa, Marcelo Falc\u00e3o \u00e9 conhecido por sua voz \u00fanica e pelas letras que abordam temas sociais relevantes. Sua carreira solo, iniciada em 2018, tem conquistado f\u00e3s por todo o Brasil. O p\u00fablico pode esperar um show emocionante, com can\u00e7\u00f5es do seu primeiro \u00e1lbum solo, \u201cViver (Mais Leve Que o Ar)\u201d, al\u00e9m dos cl\u00e1ssicos de sua \u00e9poca com O Rappa.<br>Al\u00e9m de Falc\u00e3o, outros artistas renomados marcar\u00e3o presen\u00e7a no munic\u00edpio. Thiago Martins, Dudu Nobre, Toni Garrido e Bruno Rosa est\u00e3o entre as atra\u00e7\u00f5es musicais que prometem embalar o p\u00fablico ao longo do Festival.<br>Este ano, a programa\u00e7\u00e3o se estende para al\u00e9m da m\u00fasica, incorporando competi\u00e7\u00f5es esportivas gratuitas que acontecer\u00e3o at\u00e9 o dia 04 de fevereiro, na Praia da Vila. Os interessados em participar das disputas j\u00e1 podem realizar suas inscri\u00e7\u00f5es na sede da Secretaria de Esporte, Lazer e Turismo, localizada na Pra\u00e7a dos Pescadores, s\/n\u00b0, no Centro de Saquarema. O hor\u00e1rio de atendimento \u00e9 de segunda a sexta-feira, das 09 \u00e0s 17 horas.<br>\u201cO Festival de Ver\u00e3o \u00e9 uma celebra\u00e7\u00e3o da cultura, esporte e lazer em Saquarema. Estamos empenhados em proporcionar momentos inesquec\u00edveis para todos, unindo a comunidade e recebendo visitantes com uma programa\u00e7\u00e3o diversificada e acess\u00edvel a todos.\u201d Disse o Secret\u00e1rio Municipal de Esporte, Lazer e Turismo, Rafael da Costa Castro.<\/p>\n\n\n\n<p>Confira a programa\u00e7\u00e3o:<\/p>\n\n\n\n<p>Sexta, 05 de janeiro<br>21h: Marcelo Falc\u00e3o \/ Pra\u00e7a do Cora\u00e7\u00e3o<\/p>\n\n\n\n<p>S\u00e1bado, 06 de janeiro<br>7h: Funcional<br>8h: Futmesa\/Altinha<br>17h: Aula de dan\u00e7a com o professor Welitinho<\/p>\n\n\n\n<p>Domingo, 7 de janeiro<br>8h: Beach soccer<\/p>\n\n\n\n<p>Sexta, 12 de janeiro<br>21h: Thiago Martins \/ Pra\u00e7a do Cora\u00e7\u00e3o<\/p>\n\n\n\n<p>S\u00e1bado, 13 de janeiro<br>7h: Funcional Mitra<br>8h: Beach t\u00eanis<br>17h: Aula de dan\u00e7a com o professor Serginho<\/p>\n\n\n\n<p>Domingo, 14 de janeiro<br>8h: Beach t\u00eanis<\/p>\n\n\n\n<p>S\u00e1bado, 20 de janeiro<br>7h: Crossfit Joy<br>8h: Futv\u00f4lei<br>17h: Aula de dan\u00e7a com o professor Sandro<br>21h: Dudu Nobre \/ Pra\u00e7a do Cora\u00e7\u00e3o<\/p>\n\n\n\n<p>Domingo, 21 de janeiro<br>8h: V\u00f4lei<\/p>\n\n\n\n<p>Quinta Feira, 25 de janeiro<br>8h: Surf<\/p>\n\n\n\n<p>Sexta Feira, 26 de janeiro<br>8h: Body Surf<\/p>\n\n\n\n<p>Sexta, 27 de janeiro<br>7h: Funcional Monstros<br>8h: Body Surf\/Skimboard<br>17h: Aula de dan\u00e7a com o Professor Welitinho<br>21h: Toni Garrido \/ Pra\u00e7a do Cora\u00e7\u00e3o<\/p>\n\n\n\n<p>Domingo, 28 de janeiro<br>8h: Canoa e Stand up paddle<br>8h: Finais das Competi\u00e7\u00f5es Aqu\u00e1ticas<\/p>\n\n\n\n<p>Quinta, 1 de fevereiro<br>7h: Crossfit ou Funcional<br>8h: Surf<br>17h: Aula de dan\u00e7a<\/p>\n\n\n\n<p>Sexta, 2 de fevereiro<br>7h: Crossfit ou Funcional<br>8h: Bodysurf<br>17h: Aula de dan\u00e7a<\/p>\n\n\n\n<p>S\u00e1bado, 3 de fevereiro<br>7h: Crossfit Saquarema<br>8h: Body board e Skimboard<br>17h: Aula de dan\u00e7a com o professor Serginho<br>21h: Bruno Rosa \/ Pra\u00e7a do Cora\u00e7\u00e3o<\/p>\n","protected":false},"excerpt":{"rendered":"<p>Saquarema se prepara para receber mais uma edi\u00e7\u00e3o do Festival de Ver\u00e3o. Promovido pela Prefeitura<\/p>\n","protected":false},"author":1,"featured_media":13375,"comment_status":"closed","ping_status":"open","sticky":false,"template":"","format":"standard","meta":{"spay_email":"","footnotes":"","jetpack_publicize_message":""},"categories":[42],"tags":[],"jetpack_featured_media_url":"https:\/\/i1.wp.com\/jornaldeitaipava.com.br\/wp-content\/uploads\/2021\/04\/saquarema.jpg?fit=463%2C267&ssl=1","jetpack_publicize_connections":[],"jetpack_sharing_enabled":true,"jetpack_likes_enabled":true,"jetpack-related-posts":[],"_links":{"self":[{"href":"https:\/\/jornaldeitaipava.com.br\/index.php\/wp-json\/wp\/v2\/posts\/37860"}],"collection":[{"href":"https:\/\/jornaldeitaipava.com.br\/index.php\/wp-json\/wp\/v2\/posts"}],"about":[{"href":"https:\/\/jornaldeitaipava.com.br\/index.php\/wp-json\/wp\/v2\/types\/post"}],"author":[{"embeddable":true,"href":"https:\/\/jornaldeitaipava.com.br\/index.php\/wp-json\/wp\/v2\/users\/1"}],"replies":[{"embeddable":true,"href":"https:\/\/jornaldeitaipava.com.br\/index.php\/wp-json\/wp\/v2\/comments?post=37860"}],"version-history":[{"count":1,"href":"https:\/\/jornaldeitaipava.com.br\/index.php\/wp-json\/wp\/v2\/posts\/37860\/revisions"}],"predecessor-version":[{"id":37861,"href":"https:\/\/jornaldeitaipava.com.br\/index.php\/wp-json\/wp\/v2\/posts\/37860\/revisions\/37861"}],"wp:featuredmedia":[{"embeddable":true,"href":"https:\/\/jornaldeitaipava.com.br\/index.php\/wp-json\/wp\/v2\/media\/13375"}],"wp:attachment":[{"href":"https:\/\/jornaldeitaipava.com.br\/index.php\/wp-json\/wp\/v2\/media?parent=37860"}],"wp:term":[{"taxonomy":"category","embeddable":true,"href":"https:\/\/jornaldeitaipava.com.br\/index.php\/wp-json\/wp\/v2\/categories?post=37860"},{"taxonomy":"post_tag","embeddable":true,"href":"https:\/\/jornaldeitaipava.com.br\/index.php\/wp-json\/wp\/v2\/tags?post=37860"}],"curies":[{"name":"wp","href":"https:\/\/api.w.org\/{rel}","templated":true}]}}