{"id":37862,"date":"2024-01-03T17:26:20","date_gmt":"2024-01-03T20:26:20","guid":{"rendered":"http:\/\/jornaldeitaipava.com.br\/?p=37862"},"modified":"2024-01-03T17:26:23","modified_gmt":"2024-01-03T20:26:23","slug":"angra-dos-reis-celebra-522-anos-com-grande-programacao-a-partir-desta-quinta-feira","status":"publish","type":"post","link":"https:\/\/jornaldeitaipava.com.br\/index.php\/2024\/01\/03\/angra-dos-reis-celebra-522-anos-com-grande-programacao-a-partir-desta-quinta-feira\/","title":{"rendered":"Angra dos Reis celebra 522 anos com grande programa\u00e7\u00e3o a partir desta quinta-feira"},"content":{"rendered":"\n<p>Angra dos Reis est\u00e1 se preparando para uma celebra\u00e7\u00e3o inesquec\u00edvel em homenagem ao seu anivers\u00e1rio de 522 anos, que ser\u00e1 comemorado no s\u00e1bado, 6 de janeiro. A programa\u00e7\u00e3o ter\u00e1 in\u00edcio \u00e0s 19h desta quinta-feira, dia 4, com uma noite gospel que contar\u00e1 com apresenta\u00e7\u00f5es dos artistas locais Ingrid Andrade, Ana Karla, Dinair Lopes e Grupo Renova\u00e7\u00e3o, seguidas pelos shows da banda Novo Som, \u00e0s 20h30, e da cantora Cassiane \u00e0s 22h30.<br>Na sexta-feira, dia 5, as festividades ter\u00e3o in\u00edcio com a tradicional Corrida dos Santos Reis, que contar\u00e1 com a participa\u00e7\u00e3o de mais de 1200 inscritos. O percurso percorrer\u00e1 o centro da cidade, com largada na Pra\u00e7a Zumbi dos Palmares \u00e0s 20h.<br>\u00c0s 22h, na Pra\u00e7a Nilo Pe\u00e7anha (Pra\u00e7a da Prefeitura), acontecer\u00e3o as apresenta\u00e7\u00f5es do Coral Municipal, do Grupo As Pastorinhas, da Banda do Col\u00e9gio Naval e da Folia de Reis. Como manda a tradi\u00e7\u00e3o, a Folia de Reis seguir\u00e1 at\u00e9 o Pal\u00e1cio Raul Pompeia, sede do governo, para um encontro com o prefeito Fernando Jord\u00e3o, o secret\u00e1rio de Governo e Rela\u00e7\u00f5es Institucionais, Cl\u00e1udio Ferreti, outras autoridades e toda a popula\u00e7\u00e3o presente.<br>A chegada do grupo ser\u00e1 marcada pela aguardada queima de fogos a 0h e pelo corte do bolo, que tradicionalmente possui uma moeda e uma alian\u00e7a escondidas. Conforme a lenda, aquele que encontrar a moeda est\u00e1 destinado \u00e0 prosperidade, enquanto aquele que ficar com a alian\u00e7a est\u00e1 prestes a se casar.<br>Ap\u00f3s o corte do bolo, a celebra\u00e7\u00e3o continuar\u00e1 na Praia do Anil, a 0h30, com o show do cantor Mumuzinho. Antecedendo a performance do m\u00fasico, haver\u00e1 a apresenta\u00e7\u00e3o do DJ Toninho Lopes, \u00e0s 21h, e do cantor Higor \u00e0s 22h.<br>No s\u00e1bado, \u00e0s 6h, a cidade despertar\u00e1 para a alvorada festiva, seguida por um caf\u00e9 da manh\u00e3 comunit\u00e1rio \u00e0s 8h. Neste ano, assim como em 2023, as atividades ser\u00e3o realizadas sede da Prefeitura devido \u00e0s obras em andamento na Pra\u00e7a 6 de Janeiro, no Morro do Carmo, local tradicional dessas celebra\u00e7\u00f5es.<br>No mesmo dia, \u00e0s 10h, na igreja Matriz, a cidade se reunir\u00e1 para a missa em a\u00e7\u00e3o de gra\u00e7as celebrada por Frei Jo\u00e3o Paulo. A solenidade religiosa ser\u00e1 marcada pela abertura da Folia de Reis e pela apresenta\u00e7\u00e3o do grupo As Pastorinhas.<br>As festividades continuam na Praia do Anil com a performance da DJ Camila Alcici \u00e0s 21h, seguida pela apresenta\u00e7\u00e3o do cantor Sandro Santos \u00e0s 22h e do show do grupo Os Bar\u00f5es da Pisadinha \u00e0s 23h30, encerrando com chave de ouro as festividades do anivers\u00e1rio da cidade.<br>\u2013 O anivers\u00e1rio de Angra \u00e9 um momento \u00fanico de muita celebra\u00e7\u00e3o, tradi\u00e7\u00e3o, cultura e alegria. Convidamos todos a se juntarem a n\u00f3s nesta celebra\u00e7\u00e3o de amor por Angra dos Reis, para fortalecer os la\u00e7os que nos unem enquanto moradores desta linda cidade. Que esse anivers\u00e1rio seja mais um cap\u00edtulo inesquec\u00edvel em nossa rica hist\u00f3ria \u2013 comentou o secret\u00e1rio de Governo e Rela\u00e7\u00f5es Institucionais, Cl\u00e1udio Ferreti.<\/p>\n\n\n\n<p>PROGRAMA\u00c7\u00c3O ANIVERS\u00c1RIO DE ANGRA<\/p>\n\n\n\n<p>QUINTA-FEIRA \u2013 4 DE JANEIRO<br>19h \u2013 Shows dos artistas gospel locais: Ingrid Andrade, Ana Karla, Dinair Lopes e Grupo Renova\u00e7\u00e3o \u2013 Praia do Anil<br>20h30 \u2013 Show Novo Som \u2013 Praia do Anil<br>22h30 \u2013 Show Cassiane \u2013 Praia do Anil<\/p>\n\n\n\n<p>SEXTA-FEIRA \u2013 5 DE JANEIRO<br>20h \u2013 Corrida dos Santos Reis \u2013 Pra\u00e7a Zumbi dos Palmares<br>21h \u2013 Apresenta\u00e7\u00e3o DJ Toninho Lopes \u2013 Praia do Anil<br>22h \u2013 Show Higor \u2013 Praia do Anil<br>22h \u2013 Apresenta\u00e7\u00e3o do Coral Municipal, Grupo As Pastorinhas, Banda do Col\u00e9gio Naval e Folia de Reis \u2013 Pra\u00e7a Nilo Pe\u00e7anha<br>0h \u2013 Corte do bolo \u2013 Pra\u00e7a Nilo Pe\u00e7anha<br>0h30 \u2013 Show Mumuzinho \u2013 Praia do Anil<\/p>\n\n\n\n<p>S\u00c1BADO \u2013 6 DE JANEIRO<br>6h \u2013 Alvorada festiva \u2013 Pra\u00e7a Nilo Pe\u00e7anha<br>8h \u2013 Caf\u00e9 da manh\u00e3 comunit\u00e1rio \u2013 Pra\u00e7a Nilo Pe\u00e7anha<br>10 \u2013 Missa em a\u00e7\u00e3o de gra\u00e7as e apresenta\u00e7\u00e3o do Grupo As Pastorinhas \u2013 Igreja Matriz<br>21h \u2013 Apresenta\u00e7\u00e3o DJ Camila Alcici \u2013 Praia do Anil<br>22h \u2013 Show Sandro Santos \u2013 Praia do Anil<br>23h30 \u2013 Show Os Bar\u00f5es da Pisadinha \u2013 Praia do Anil<\/p>\n","protected":false},"excerpt":{"rendered":"<p>Angra dos Reis est\u00e1 se preparando para uma celebra\u00e7\u00e3o inesquec\u00edvel em homenagem ao seu anivers\u00e1rio<\/p>\n","protected":false},"author":1,"featured_media":34148,"comment_status":"closed","ping_status":"open","sticky":false,"template":"","format":"standard","meta":{"spay_email":"","footnotes":"","jetpack_publicize_message":""},"categories":[42],"tags":[],"jetpack_featured_media_url":"https:\/\/i2.wp.com\/jornaldeitaipava.com.br\/wp-content\/uploads\/2023\/04\/angra.jpg?fit=800%2C600&ssl=1","jetpack_publicize_connections":[],"jetpack_sharing_enabled":true,"jetpack_likes_enabled":true,"jetpack-related-posts":[],"_links":{"self":[{"href":"https:\/\/jornaldeitaipava.com.br\/index.php\/wp-json\/wp\/v2\/posts\/37862"}],"collection":[{"href":"https:\/\/jornaldeitaipava.com.br\/index.php\/wp-json\/wp\/v2\/posts"}],"about":[{"href":"https:\/\/jornaldeitaipava.com.br\/index.php\/wp-json\/wp\/v2\/types\/post"}],"author":[{"embeddable":true,"href":"https:\/\/jornaldeitaipava.com.br\/index.php\/wp-json\/wp\/v2\/users\/1"}],"replies":[{"embeddable":true,"href":"https:\/\/jornaldeitaipava.com.br\/index.php\/wp-json\/wp\/v2\/comments?post=37862"}],"version-history":[{"count":1,"href":"https:\/\/jornaldeitaipava.com.br\/index.php\/wp-json\/wp\/v2\/posts\/37862\/revisions"}],"predecessor-version":[{"id":37863,"href":"https:\/\/jornaldeitaipava.com.br\/index.php\/wp-json\/wp\/v2\/posts\/37862\/revisions\/37863"}],"wp:featuredmedia":[{"embeddable":true,"href":"https:\/\/jornaldeitaipava.com.br\/index.php\/wp-json\/wp\/v2\/media\/34148"}],"wp:attachment":[{"href":"https:\/\/jornaldeitaipava.com.br\/index.php\/wp-json\/wp\/v2\/media?parent=37862"}],"wp:term":[{"taxonomy":"category","embeddable":true,"href":"https:\/\/jornaldeitaipava.com.br\/index.php\/wp-json\/wp\/v2\/categories?post=37862"},{"taxonomy":"post_tag","embeddable":true,"href":"https:\/\/jornaldeitaipava.com.br\/index.php\/wp-json\/wp\/v2\/tags?post=37862"}],"curies":[{"name":"wp","href":"https:\/\/api.w.org\/{rel}","templated":true}]}}