{"id":37864,"date":"2024-01-04T16:53:47","date_gmt":"2024-01-04T19:53:47","guid":{"rendered":"http:\/\/jornaldeitaipava.com.br\/?p=37864"},"modified":"2024-01-04T16:53:51","modified_gmt":"2024-01-04T19:53:51","slug":"empregabilidade-deguste-inicia-mais-um-ano-como-destaque-na-consolidacao-economica-do-setor-de-eventos","status":"publish","type":"post","link":"https:\/\/jornaldeitaipava.com.br\/index.php\/2024\/01\/04\/empregabilidade-deguste-inicia-mais-um-ano-como-destaque-na-consolidacao-economica-do-setor-de-eventos\/","title":{"rendered":"Empregabilidade: Deguste inicia mais um ano como destaque na consolida\u00e7\u00e3o econ\u00f4mica do setor de eventos"},"content":{"rendered":"\n<p><em>Pesquisa revela que cultura e entretenimento s\u00e3o os maiores geradores de vagas no pa\u00eds<\/em>Mais um ano se inicia e a pr\u00f3xima edi\u00e7\u00e3o da Deguste tem data marcada: dias 12 e 13 de janeiro. A edi\u00e7\u00e3o especial comemora os 8 anos de evento e traz, al\u00e9m das op\u00e7\u00f5es gastron\u00f4micas e cervejeiras, m\u00fasica e divers\u00e3o. Refer\u00eancia no calend\u00e1rio de eventos da cidade, a Deguste promete novidades ao longo do ano, refor\u00e7ando o seu papel marcante na economia como geradora de empregos e destaque como receptora de turistas. Os oito anos da feira refor\u00e7am os dados do Radar Econ\u00f4mico, estudo realizado pela Associa\u00e7\u00e3o Brasileira dos Promotores de Eventos \u2013 ABRAPE: o setor de eventos de cultura e entretenimento continua sendo o maior gerador de empregos no pa\u00eds. A Deguste emprega 22 pessoas diretamente (produtores, agentes de limpeza, seguran\u00e7as, bombeiros civis, marketing e assessoria) e outras 100 de forma indireta, levando em considera\u00e7\u00e3o as empresas prestadoras de servi\u00e7o (estrutura, frete, som, ilumina\u00e7\u00e3o e el\u00e9trica) e os expositores, sendo 15 cervejarias e pelo menos 8 pontos gastron\u00f4micos e os artistas. \u201cMuito al\u00e9m da sua import\u00e2ncia no calend\u00e1rio de eventos de Petr\u00f3polis, a Deguste gera emprego e renda e \u00e9 respons\u00e1vel pelo sustento de muitas fam\u00edlias. Ainda levando em considera\u00e7\u00e3o as pessoas que visitam a cidade devido a Deguste, lembramos que esses visitantes tamb\u00e9m refor\u00e7am a economia de outros setores como hotelaria, com\u00e9rcio, turismo, servi\u00e7os e gastronomia. Por isso, \u00e9 uma alegria imensa iniciarmos mais um ano de muito trabalho\u201d, disse Rodrigo Duarte, idealizador da feira. Ainda segundo o estudo da Abrape, que leva em considera\u00e7\u00e3o os dados do IBGE e do Minist\u00e9rio do Trabalho e Previd\u00eancia, no saldo acumulado entre janeiro e outubro de 2023, o segmento de eventos teve um crescimento de 46,6%. A m\u00e9dia nacional, envolvendo todas as atividades econ\u00f4micas, foi de queda: \u2013 23,7%. Foram geradas 23.554 vagas de empregos, com crescimento de 46,6% sobre o mesmo per\u00edodo de 2022 (15.966). E a tend\u00eancia, segundo os organizadores da Deguste, continua sendo de crescimento. Um exemplo \u00e9 a Conytos. Empresa familiar e gastron\u00f4mica, estreou na Deguste em 2019 com um food truck e tr\u00eas funcion\u00e1rios. Atualmente, gra\u00e7as ao sucesso na participa\u00e7\u00e3o da Deguste, a marca possui uma loja, dois food trucks e onze funcion\u00e1rios. \u201cParticipar da Deguste foi a consolida\u00e7\u00e3o de um sonho. E essa realiza\u00e7\u00e3o nos mostra que podemos sempre chegar ainda mais longe. Eventos como a Deguste nos permitem crescer, ajudar a fomentar a economia, trazer mais turistas para nossa cidade e colaborar com o crescimento econ\u00f4mico na totalidade. Fazer parte dessa hist\u00f3ria \u00e9 maravilhoso\u201d, declara Fabiana Martins Rangel, propriet\u00e1ria da Conytos. Para Gabrielle Rosendo, produtora da Deguste, esse \u00e9 um dos exemplos. \u201cFelizmente temos o prazer de ver nossos parceiros crescendo e fortalecendo a Deguste. Continuamos com o planejamento focado em cada vez mais oferecer o melhor da nossa cidade, mostrando todo o potencial das empresas participantes da Deguste para os petropolitanos e turistas. O ano est\u00e1 apenas come\u00e7ando\u201d, refor\u00e7a.\u00a0<strong>Janeiro festivo<\/strong>\u00a0No dia 12, sexta-feira, a partir das 18h, e no dia 13 de janeiro, s\u00e1bado, a partir das 11h, a Deguste apresentar\u00e1 uma programa\u00e7\u00e3o especial para o p\u00fablico, com destaque para grandes talentos da m\u00fasica petropolitana. Confira:\u00a0<em>Sexta &#8211; 12 de janeiro<\/em>\u00a020h30 &#8211; Banda Tokaia\u00a0<em>S\u00e1bado &#8211; 13 de janeiro<\/em>\u00a015h &#8211; Maristela 18h &#8211; Guido Martini 20h30 &#8211; Deguste Celebration: Gus Monsanto convida Gargamel, Percy, Berner, M\u00e1rcio Chicralla e outros. Mais informa\u00e7\u00f5es sobre as novidades e programa\u00e7\u00e3o da Deguste no Instagram oficial\u00a0<a rel=\"noreferrer noopener\" href=\"https:\/\/www.instagram.com\/feiradeguste?igsh=MWRmdmVnOHhpOTJ0eA==\" target=\"_blank\">@feiradeguste<\/a>.<\/p>\n","protected":false},"excerpt":{"rendered":"<p>Pesquisa revela que cultura e entretenimento s\u00e3o os maiores geradores de vagas no pa\u00edsMais um<\/p>\n","protected":false},"author":1,"featured_media":33576,"comment_status":"closed","ping_status":"open","sticky":false,"template":"","format":"standard","meta":{"spay_email":"","footnotes":"","jetpack_publicize_message":""},"categories":[1],"tags":[],"jetpack_featured_media_url":"https:\/\/i2.wp.com\/jornaldeitaipava.com.br\/wp-content\/uploads\/2023\/03\/deguste.png?fit=588%2C368&ssl=1","jetpack_publicize_connections":[],"jetpack_sharing_enabled":true,"jetpack_likes_enabled":true,"jetpack-related-posts":[],"_links":{"self":[{"href":"https:\/\/jornaldeitaipava.com.br\/index.php\/wp-json\/wp\/v2\/posts\/37864"}],"collection":[{"href":"https:\/\/jornaldeitaipava.com.br\/index.php\/wp-json\/wp\/v2\/posts"}],"about":[{"href":"https:\/\/jornaldeitaipava.com.br\/index.php\/wp-json\/wp\/v2\/types\/post"}],"author":[{"embeddable":true,"href":"https:\/\/jornaldeitaipava.com.br\/index.php\/wp-json\/wp\/v2\/users\/1"}],"replies":[{"embeddable":true,"href":"https:\/\/jornaldeitaipava.com.br\/index.php\/wp-json\/wp\/v2\/comments?post=37864"}],"version-history":[{"count":1,"href":"https:\/\/jornaldeitaipava.com.br\/index.php\/wp-json\/wp\/v2\/posts\/37864\/revisions"}],"predecessor-version":[{"id":37865,"href":"https:\/\/jornaldeitaipava.com.br\/index.php\/wp-json\/wp\/v2\/posts\/37864\/revisions\/37865"}],"wp:featuredmedia":[{"embeddable":true,"href":"https:\/\/jornaldeitaipava.com.br\/index.php\/wp-json\/wp\/v2\/media\/33576"}],"wp:attachment":[{"href":"https:\/\/jornaldeitaipava.com.br\/index.php\/wp-json\/wp\/v2\/media?parent=37864"}],"wp:term":[{"taxonomy":"category","embeddable":true,"href":"https:\/\/jornaldeitaipava.com.br\/index.php\/wp-json\/wp\/v2\/categories?post=37864"},{"taxonomy":"post_tag","embeddable":true,"href":"https:\/\/jornaldeitaipava.com.br\/index.php\/wp-json\/wp\/v2\/tags?post=37864"}],"curies":[{"name":"wp","href":"https:\/\/api.w.org\/{rel}","templated":true}]}}