{"id":37866,"date":"2024-01-04T16:54:44","date_gmt":"2024-01-04T19:54:44","guid":{"rendered":"http:\/\/jornaldeitaipava.com.br\/?p=37866"},"modified":"2024-01-04T16:54:45","modified_gmt":"2024-01-04T19:54:45","slug":"casa-de-petropolis-e-opcao-para-quem-vai-curtir-as-ferias-em-petropolis-neste-mes-de-janeiro","status":"publish","type":"post","link":"https:\/\/jornaldeitaipava.com.br\/index.php\/2024\/01\/04\/casa-de-petropolis-e-opcao-para-quem-vai-curtir-as-ferias-em-petropolis-neste-mes-de-janeiro\/","title":{"rendered":"Casa de Petr\u00f3polis \u00e9 op\u00e7\u00e3o para quem vai curtir as f\u00e9rias em Petr\u00f3polis neste m\u00eas de janeiro"},"content":{"rendered":"\n<p><strong>Al\u00e9m de desfrutar da arquitetura hist\u00f3rica de um dos atrativos tur\u00edsticos mais ic\u00f4nicos do Centro da cidade, visitantes poder\u00e3o conferir a exposi\u00e7\u00e3o \u201cDi\u00e1logos da Paisagem\u201d, da artista Ana Dur\u00e3es<br><\/strong><\/p>\n\n\n\n<p>A Casa de Petr\u00f3polis Instituto de Cultura \u00e9 a escolha ideal para quem vai curtir as f\u00e9rias em Petr\u00f3polis neste m\u00eas de janeiro. Al\u00e9m de desfrutar da arquitetura hist\u00f3rica de um dos atrativos tur\u00edsticos mais ic\u00f4nicos do Centro da cidade, os visitantes poder\u00e3o conferir a exposi\u00e7\u00e3o \u201cDi\u00e1logos da Paisagem\u201d, da artista Ana Dur\u00e3es, com curadoria de Monica Xex\u00e9o e realiza\u00e7\u00e3o da Galeria Patricia Costa.<\/p>\n\n\n\n<p>As obras \u00e0 mostra refletem a riqueza da natureza local, com destaque para as sapucaias e suas varia\u00e7\u00f5es de cores, incluindo ainda pinturas a \u00f3leo de grandes formatos e impress\u00f5es em fine art em papel de bambu e hemp, resultado de uma pesquisa visual durante o tempo em que Ana Dur\u00e3es esteve em Petr\u00f3polis. &#8220;A obra de Ana Dur\u00e3es \u00e9 um dos mais belos exemplos contempor\u00e2neos da pintura de paisagem&#8221;, afirma Monica Xex\u00e9o, destacando a s\u00f3lida forma\u00e7\u00e3o e as preocupa\u00e7\u00f5es da artista com bot\u00e2nica e preserva\u00e7\u00e3o da natureza.<\/p>\n\n\n\n<p>Localizada no Centro Hist\u00f3rico, na Avenida Ipiranga, 716, a Casa de Petr\u00f3polis \u00e9 parte do roteiro a p\u00e9 da cidade. Al\u00e9m de apreciar a exposi\u00e7\u00e3o que ficar\u00e1 \u00e0 mostra at\u00e9 25 de fevereiro, os visitantes podem conhecer detalhes do im\u00f3vel constru\u00eddo no s\u00e9culo 19. O ingresso custa R$ 20 a inteira e R$ 10 a meia entrada, com estacionamento rotativo dispon\u00edvel. A visita pode ser feita de sexta a domingo, das 10h \u00e0s 16h.<\/p>\n\n\n\n<p><strong>Servi\u00e7o<\/strong><\/p>\n\n\n\n<p>Ingressos: R$ 20 a inteira e R$ 10 a meia entrada<br>Funcionamento: de sexta a domingo, das 10h \u00e0s 16h<br>Local: Casa de Petr\u00f3polis \u2013 Instituto de Cultura<br>Endere\u00e7o: Av. Ipiranga, 716 \u2013 Centro \u2013 Petr\u00f3polis<br>Estacionamento rotativo no local.<\/p>\n","protected":false},"excerpt":{"rendered":"<p>Al\u00e9m de desfrutar da arquitetura hist\u00f3rica de um dos atrativos tur\u00edsticos mais ic\u00f4nicos do Centro<\/p>\n","protected":false},"author":1,"featured_media":14534,"comment_status":"closed","ping_status":"open","sticky":false,"template":"","format":"standard","meta":{"spay_email":"","footnotes":"","jetpack_publicize_message":""},"categories":[42],"tags":[],"jetpack_featured_media_url":"https:\/\/i1.wp.com\/jornaldeitaipava.com.br\/wp-content\/uploads\/2021\/05\/CASA.jpg?fit=718%2C458&ssl=1","jetpack_publicize_connections":[],"jetpack_sharing_enabled":true,"jetpack_likes_enabled":true,"jetpack-related-posts":[],"_links":{"self":[{"href":"https:\/\/jornaldeitaipava.com.br\/index.php\/wp-json\/wp\/v2\/posts\/37866"}],"collection":[{"href":"https:\/\/jornaldeitaipava.com.br\/index.php\/wp-json\/wp\/v2\/posts"}],"about":[{"href":"https:\/\/jornaldeitaipava.com.br\/index.php\/wp-json\/wp\/v2\/types\/post"}],"author":[{"embeddable":true,"href":"https:\/\/jornaldeitaipava.com.br\/index.php\/wp-json\/wp\/v2\/users\/1"}],"replies":[{"embeddable":true,"href":"https:\/\/jornaldeitaipava.com.br\/index.php\/wp-json\/wp\/v2\/comments?post=37866"}],"version-history":[{"count":1,"href":"https:\/\/jornaldeitaipava.com.br\/index.php\/wp-json\/wp\/v2\/posts\/37866\/revisions"}],"predecessor-version":[{"id":37867,"href":"https:\/\/jornaldeitaipava.com.br\/index.php\/wp-json\/wp\/v2\/posts\/37866\/revisions\/37867"}],"wp:featuredmedia":[{"embeddable":true,"href":"https:\/\/jornaldeitaipava.com.br\/index.php\/wp-json\/wp\/v2\/media\/14534"}],"wp:attachment":[{"href":"https:\/\/jornaldeitaipava.com.br\/index.php\/wp-json\/wp\/v2\/media?parent=37866"}],"wp:term":[{"taxonomy":"category","embeddable":true,"href":"https:\/\/jornaldeitaipava.com.br\/index.php\/wp-json\/wp\/v2\/categories?post=37866"},{"taxonomy":"post_tag","embeddable":true,"href":"https:\/\/jornaldeitaipava.com.br\/index.php\/wp-json\/wp\/v2\/tags?post=37866"}],"curies":[{"name":"wp","href":"https:\/\/api.w.org\/{rel}","templated":true}]}}