{"id":37870,"date":"2024-01-04T17:33:50","date_gmt":"2024-01-04T20:33:50","guid":{"rendered":"http:\/\/jornaldeitaipava.com.br\/?p=37870"},"modified":"2024-01-04T17:33:52","modified_gmt":"2024-01-04T20:33:52","slug":"centro-de-saude-e-a-primeira-unidade-publica-a-ter-atendimento-online-para-os-pacientes","status":"publish","type":"post","link":"https:\/\/jornaldeitaipava.com.br\/index.php\/2024\/01\/04\/centro-de-saude-e-a-primeira-unidade-publica-a-ter-atendimento-online-para-os-pacientes\/","title":{"rendered":"Centro de Sa\u00fade \u00e9 a primeira unidade p\u00fablica a ter atendimento online para os pacientes"},"content":{"rendered":"\n<p>O Centro de Sa\u00fade Coletiva Prof. Jos\u00e9 Manoel Ferreira iniciou o servi\u00e7o de Teleatendimento em Sa\u00fade em Psicologia, se tornando a primeira unidade da rede p\u00fablica do munic\u00edpio a ofertar o atendimento remoto aos seus pacientes. A iniciativa da Prefeitura visa dar mais agilidade ao atendimento de quem aguarda pelas consultas, facilitando o acesso aos servi\u00e7os de sa\u00fade.<\/p>\n\n\n\n<p>O teleatendimento em sa\u00fade \u00e9 uma nova modalidade e hoje, munic\u00edpios de todo o pa\u00eds v\u00eam adotando o m\u00e9todo em diferentes \u00e1reas da medicina. Para iniciar o servi\u00e7o na rede municipal de sa\u00fade, a Prefeitura recebeu a autoriza\u00e7\u00e3o do Conselho Regional de Psicologia.<\/p>\n\n\n\n<p>\u201cNa nossa cidade, estamos come\u00e7ando pelo atendimento remoto de Psicologia, com os profissionais que atuam do Centro de Sa\u00fade. Acreditamos que este \u00e9 mais um passo no avan\u00e7o da sa\u00fade de nosso munic\u00edpio, seguindo uma tend\u00eancia que resulta em mais agilidade, facilitando assim, o acesso da popula\u00e7\u00e3o aos servi\u00e7os de sa\u00fade\u201d, disse o prefeito Rubens Bomtempo.<\/p>\n\n\n\n<p>Os pacientes que ser\u00e3o atendidos por meio da nova modalidade foram encaminhados \u00e0 unidade pelo setor de Regula\u00e7\u00e3o da Secretaria de Sa\u00fade. \u201cEles passaram por uma triagem pelo profissional para ver a disponibilidade de receberem as consultas neste formato. Os atendimentos ser\u00e3o semanais, com hor\u00e1rios agendados e de forma online\u201d, explicou o secret\u00e1rio de Sa\u00fade, Marcus Curvelo. \u201cFoi enviado o link da consulta por SMS para o paciente e desta forma, ele poder\u00e1 acessar a sala de atendimento atrav\u00e9s de celular ou computador, de onde ele estiver\u201d, acrescentou o secret\u00e1rio. \u201cNeste primeiro momento, estamos iniciando o teleatendimento no Centro de Sa\u00fade, mas em breve, se alcan\u00e7armos os resultados esperados, vamos ampliar este tipo de servi\u00e7o em outras unidades da rede\u201d, finalizou.<\/p>\n","protected":false},"excerpt":{"rendered":"<p>O Centro de Sa\u00fade Coletiva Prof. Jos\u00e9 Manoel Ferreira iniciou o servi\u00e7o de Teleatendimento em<\/p>\n","protected":false},"author":1,"featured_media":16730,"comment_status":"closed","ping_status":"open","sticky":false,"template":"","format":"standard","meta":{"spay_email":"","footnotes":"","jetpack_publicize_message":""},"categories":[2],"tags":[],"jetpack_featured_media_url":"https:\/\/i0.wp.com\/jornaldeitaipava.com.br\/wp-content\/uploads\/2021\/06\/centro-saude.png?fit=453%2C283&ssl=1","jetpack_publicize_connections":[],"jetpack_sharing_enabled":true,"jetpack_likes_enabled":true,"jetpack-related-posts":[],"_links":{"self":[{"href":"https:\/\/jornaldeitaipava.com.br\/index.php\/wp-json\/wp\/v2\/posts\/37870"}],"collection":[{"href":"https:\/\/jornaldeitaipava.com.br\/index.php\/wp-json\/wp\/v2\/posts"}],"about":[{"href":"https:\/\/jornaldeitaipava.com.br\/index.php\/wp-json\/wp\/v2\/types\/post"}],"author":[{"embeddable":true,"href":"https:\/\/jornaldeitaipava.com.br\/index.php\/wp-json\/wp\/v2\/users\/1"}],"replies":[{"embeddable":true,"href":"https:\/\/jornaldeitaipava.com.br\/index.php\/wp-json\/wp\/v2\/comments?post=37870"}],"version-history":[{"count":1,"href":"https:\/\/jornaldeitaipava.com.br\/index.php\/wp-json\/wp\/v2\/posts\/37870\/revisions"}],"predecessor-version":[{"id":37871,"href":"https:\/\/jornaldeitaipava.com.br\/index.php\/wp-json\/wp\/v2\/posts\/37870\/revisions\/37871"}],"wp:featuredmedia":[{"embeddable":true,"href":"https:\/\/jornaldeitaipava.com.br\/index.php\/wp-json\/wp\/v2\/media\/16730"}],"wp:attachment":[{"href":"https:\/\/jornaldeitaipava.com.br\/index.php\/wp-json\/wp\/v2\/media?parent=37870"}],"wp:term":[{"taxonomy":"category","embeddable":true,"href":"https:\/\/jornaldeitaipava.com.br\/index.php\/wp-json\/wp\/v2\/categories?post=37870"},{"taxonomy":"post_tag","embeddable":true,"href":"https:\/\/jornaldeitaipava.com.br\/index.php\/wp-json\/wp\/v2\/tags?post=37870"}],"curies":[{"name":"wp","href":"https:\/\/api.w.org\/{rel}","templated":true}]}}