{"id":37875,"date":"2024-01-04T17:36:54","date_gmt":"2024-01-04T20:36:54","guid":{"rendered":"http:\/\/jornaldeitaipava.com.br\/?p=37875"},"modified":"2024-01-04T17:36:55","modified_gmt":"2024-01-04T20:36:55","slug":"venda-de-veiculos-cresce-12-em-2023-diz-balanco-da-fenabrave","status":"publish","type":"post","link":"https:\/\/jornaldeitaipava.com.br\/index.php\/2024\/01\/04\/venda-de-veiculos-cresce-12-em-2023-diz-balanco-da-fenabrave\/","title":{"rendered":"Venda de ve\u00edculos cresce 12% em 2023, diz balan\u00e7o da Fenabrave"},"content":{"rendered":"\n<p>As vendas de ve\u00edculos automotores em todo o pa\u00eds cresceram 12,02% em 2023 na compara\u00e7\u00e3o com 2022, revela balan\u00e7o da Federa\u00e7\u00e3o Nacional da Distribui\u00e7\u00e3o de Ve\u00edculos Automotores (Fenabrave).<br>No ano passado, foram emplacadas 4.108.041 unidades contra 3.667.325 de 2022. Quase todos os segmentos fecharam o ano com alta: autom\u00f3veis (9,13%) comerciais leves (20,44%), \u00f4nibus (12,63%) e motos (16,10%). Apenas o setor de caminh\u00f5es terminou o ano com baixa: -16,39%.<\/p>\n\n\n\n<p>Em dezembro, o total de ve\u00edculos vendidos nas concession\u00e1rias foi de 400.020 unidades, o que representa expans\u00e3o de 10,74% ante novembro (361.222 unidades) e 9,03% na compara\u00e7\u00e3o com dezembro do ano anterior (117.909 unidades).<br>Segundo o presidente da Fenabrave, Andretta J\u00fanior, 2023 representa um ano de recupera\u00e7\u00e3o para o setor automotivo e foi o primeiro ano desde 2019 em que foram emplacados mais de dois milh\u00f5es de autom\u00f3veis e comerciais leves. \u201cTemos que lembrar o impulso das medidas provis\u00f3rias que estimularam o setor e que mostram que \u00e9 necess\u00e1rio buscar solu\u00e7\u00f5es permanentes que mantenham o mercado aquecido\u201d, disse.<br>Andretta J\u00fanior ressaltou que, al\u00e9m das medidas provis\u00f3rias com est\u00edmulos fiscais, a melhoria do cr\u00e9dito por conta da queda da taxa de juros foi fundamental para a eleva\u00e7\u00e3o de 12%.<br>\u201cA disponibilidade e o custo do cr\u00e9dito t\u00eam muita influ\u00eancia na decis\u00e3o de compra pelos consumidores. Com a queda da inadimpl\u00eancia houve maior disponibiliza\u00e7\u00e3o de cr\u00e9dito pelas institui\u00e7\u00f5es financeiras e isso foi percebido pelo mercado\u201d, afirmou.<\/p>\n\n\n\n<p><strong>Proje\u00e7\u00f5es t\u00eam alta<br><\/strong>Para a Fenabrave, as vendas globais de ve\u00edculos devem aumentar 13,54% em 2024, o que totaliza 4.518.871 unidades emplacadas. Para os autom\u00f3veis e comerciais leves a estimativa \u00e9 a de aumento de 12%, totalizando 2.440.887 unidades.<br>A venda de caminh\u00f5es deve crescer 10%, com 114.571 unidades emplacadas e o segmento de \u00f4nibus deve alcan\u00e7ar as 29.546 unidades vendidas, um aumento de 20%. Os implementos rodovi\u00e1rios podem crescer 10%, com 99.296 unidades vendidas. A estimativa para as motocicletas \u00e9 a de 1.834.571 de unidades comercializadas, o que corresponde a um incremento de 16%.<\/p>\n","protected":false},"excerpt":{"rendered":"<p>As vendas de ve\u00edculos automotores em todo o pa\u00eds cresceram 12,02% em 2023 na compara\u00e7\u00e3o<\/p>\n","protected":false},"author":1,"featured_media":24575,"comment_status":"closed","ping_status":"open","sticky":false,"template":"","format":"standard","meta":{"spay_email":"","footnotes":"","jetpack_publicize_message":""},"categories":[9],"tags":[],"jetpack_featured_media_url":"https:\/\/i1.wp.com\/jornaldeitaipava.com.br\/wp-content\/uploads\/2022\/01\/industria-carro.png?fit=1920%2C1080&ssl=1","jetpack_publicize_connections":[],"jetpack_sharing_enabled":true,"jetpack_likes_enabled":true,"jetpack-related-posts":[],"_links":{"self":[{"href":"https:\/\/jornaldeitaipava.com.br\/index.php\/wp-json\/wp\/v2\/posts\/37875"}],"collection":[{"href":"https:\/\/jornaldeitaipava.com.br\/index.php\/wp-json\/wp\/v2\/posts"}],"about":[{"href":"https:\/\/jornaldeitaipava.com.br\/index.php\/wp-json\/wp\/v2\/types\/post"}],"author":[{"embeddable":true,"href":"https:\/\/jornaldeitaipava.com.br\/index.php\/wp-json\/wp\/v2\/users\/1"}],"replies":[{"embeddable":true,"href":"https:\/\/jornaldeitaipava.com.br\/index.php\/wp-json\/wp\/v2\/comments?post=37875"}],"version-history":[{"count":1,"href":"https:\/\/jornaldeitaipava.com.br\/index.php\/wp-json\/wp\/v2\/posts\/37875\/revisions"}],"predecessor-version":[{"id":37876,"href":"https:\/\/jornaldeitaipava.com.br\/index.php\/wp-json\/wp\/v2\/posts\/37875\/revisions\/37876"}],"wp:featuredmedia":[{"embeddable":true,"href":"https:\/\/jornaldeitaipava.com.br\/index.php\/wp-json\/wp\/v2\/media\/24575"}],"wp:attachment":[{"href":"https:\/\/jornaldeitaipava.com.br\/index.php\/wp-json\/wp\/v2\/media?parent=37875"}],"wp:term":[{"taxonomy":"category","embeddable":true,"href":"https:\/\/jornaldeitaipava.com.br\/index.php\/wp-json\/wp\/v2\/categories?post=37875"},{"taxonomy":"post_tag","embeddable":true,"href":"https:\/\/jornaldeitaipava.com.br\/index.php\/wp-json\/wp\/v2\/tags?post=37875"}],"curies":[{"name":"wp","href":"https:\/\/api.w.org\/{rel}","templated":true}]}}