{"id":37877,"date":"2024-01-04T18:02:03","date_gmt":"2024-01-04T21:02:03","guid":{"rendered":"http:\/\/jornaldeitaipava.com.br\/?p=37877"},"modified":"2024-01-04T18:02:05","modified_gmt":"2024-01-04T21:02:05","slug":"detran-rj-divulga-calendario-anual-de-licenciamento-de-veiculos-em-2024","status":"publish","type":"post","link":"https:\/\/jornaldeitaipava.com.br\/index.php\/2024\/01\/04\/detran-rj-divulga-calendario-anual-de-licenciamento-de-veiculos-em-2024\/","title":{"rendered":"Detran.RJ divulga calend\u00e1rio anual de licenciamento de ve\u00edculos em 2024"},"content":{"rendered":"\n<p>O Detran.RJ informa que j\u00e1 est\u00e1 dispon\u00edvel o calend\u00e1rio para o licenciamento anual de ve\u00edculos em 2024. De acordo com a Portaria 6529, publicada no Di\u00e1rio Oficial desta sexta-feira (29\/12), o cronograma ser\u00e1 dividido em tr\u00eas datas:<\/p>\n\n\n\n<ul>\n<li>Final de placa 0, 1 e 2 =&gt; At\u00e9 31\/05\/2024<\/li>\n\n\n\n<li>Final de placa 3, 4 e 5 =&gt; At\u00e9 30\/06\/2024<\/li>\n\n\n\n<li>Final de placa 6, 7, 8 e 9 =&gt; At\u00e9 31\/07\/2024<\/li>\n<\/ul>\n\n\n\n<p>O licenciamento \u00e9 100% digital. Para obter o documento de 2024, \u00e9 necess\u00e1rio pagar a Guia de Regulariza\u00e7\u00e3o de Taxas (GRT), obtida no site do Bradesco (www.bradesco.com.br). Este ano, como o Detran.RJ j\u00e1 informou em seu site, tamb\u00e9m ser\u00e1 necess\u00e1rio ter quitado o IPVA (Imposto sobre a Propriedade de Ve\u00edculos Automotores) e as multas de tr\u00e2nsito vencidas.<br>Ap\u00f3s a compensa\u00e7\u00e3o dos pagamentos, o documento digital, chamado de CRLV-e, fica dispon\u00edvel para o usu\u00e1rio no Posto Digital Detran.RJ (acessado pelo site detran.rj.gov.br), no aplicativo Carteira Digital de Tr\u00e2nsito (CDT) ou pelo portal da Secretaria Nacional de Tr\u00e2nsito (Senatran).<br>O primeiro passo \u00e9 se registrar no gov.br &#8211; portal do governo federal para documenta\u00e7\u00e3o em geral. Quem preferir pode solicitar a impress\u00e3o do CRLV-e em papel A4 em um posto de vistoria do Detran.RJ.<\/p>\n\n\n\n<p>Confira o passo a passo para obter o documento 2024:<\/p>\n\n\n\n<p><strong>PESSOA F\u00cdSICA \u2013 Pelo Posto Digital Detran.RJ<\/strong><\/p>\n\n\n\n<ol>\n<li>Entre no site do Detran.RJ (www.detran.rj.gov.br) e clique na aba Posto Digital na barra superior<\/li>\n\n\n\n<li>Clique em &#8216;Acessar o Portal&#8217; via gov.br; nas telas seguintes informe CPF e senha<\/li>\n\n\n\n<li>No Posto Digital, clique na aba &#8216;Ve\u00edculos&#8217;<\/li>\n\n\n\n<li>Selecione o ve\u00edculo a ser consultado<\/li>\n\n\n\n<li>Na aba Documentos Digitais, clique em &#8216;Emitir CRLVe&#8217;<\/li>\n\n\n\n<li>Imprima o documento digital em papel A4 ou salve em PDF para us\u00e1-lo no celular, no notebook ou em outras plataformas.<\/li>\n<\/ol>\n\n\n\n<p><strong>PESSOA F\u00cdSICA \u2013 Pelo aplicativo Carteira Digital de Tr\u00e2nsito (CDT)<\/strong><\/p>\n\n\n\n<ol>\n<li>Instale o app CDT \u2013 Carteira Digital de Tr\u00e2nsito no seu celular<\/li>\n\n\n\n<li>Cadastre o usu\u00e1rio<\/li>\n<\/ol>\n\n\n\n<ul>\n<li>Uma vez instalado o app, abra e selecione: &#8216;Entrar com gov.br&#8217;<\/li>\n\n\n\n<li>Na tela seguinte, informe CPF e selecione &#8216;Pr\u00f3xima&#8217;<\/li>\n\n\n\n<li>Na pr\u00f3xima tela, crie uma conta e, ap\u00f3s cri\u00e1-la, retorne ao aplicativo e clique em &#8216;Entrar com gov.br&#8217;.<\/li>\n<\/ul>\n\n\n\n<ol>\n<li><strong>Baixe o CRLV digital<\/strong><\/li>\n<\/ol>\n\n\n\n<ul>\n<li>Fa\u00e7a o login<\/li>\n\n\n\n<li>Selecione &#8216;Ve\u00edculos&#8217;<\/li>\n\n\n\n<li>Informe o n\u00famero do Renavam e o N\u00famero de seguran\u00e7a do CRV (\u00e9 o antigo DUT, com 11 caracteres)<\/li>\n\n\n\n<li>Selecione &#8216;Incluir&#8217; e estar\u00e1 pronto o seu CRLV digital<\/li>\n<\/ul>\n\n\n\n<p><strong>PESSOA JUR\u00cdDICA<br><\/strong>Pelo menu &#8216;Meus ve\u00edculos&#8217; no Portal de Servi\u00e7os da Senatran (Secretaria Nacional de Tr\u00e2nsito)<br>Requisitos: Certificado Digital ICP-Brasil (A1 ou A3) emitido em nome da pessoa jur\u00eddica propriet\u00e1ria do ve\u00edculo.<\/p>\n\n\n\n<ol>\n<li>Acesse o Portal de Servi\u00e7os da Senatran<\/li>\n\n\n\n<li>Clique em &#8216;Entrar com gov.br&#8217;, depois selecione &#8220;Certificado digital&#8217;<\/li>\n\n\n\n<li>Na tela inicial clique em &#8216;Meus Ve\u00edculos&#8217;<\/li>\n\n\n\n<li>Na sequ\u00eancia ser\u00e3o exibidos os ve\u00edculos registrados em nome da pessoa jur\u00eddica<\/li>\n\n\n\n<li>Clique sobre o ve\u00edculo desejado, em seguida baixe o CRLV nos formatos &#8216;pdf&#8217; ou &#8216;p7s&#8217;<\/li>\n\n\n\n<li>O documento ser\u00e1 baixado e voc\u00ea poder\u00e1 imprimir em folha A4. Impedimentos<br>O Detran.RJ lembra que alguns motivos podem impedir que o documento de licenciamento anual do ve\u00edculo seja gerado e se torne acess\u00edvel para os usu\u00e1rios. Portanto, se o usu\u00e1rio pagar a GRT, o IPVA e as multas vencidas e o documento n\u00e3o atualizar no aplicativo, ele deve ir a uma das unidades de ve\u00edculos do Detran.RJ &#8211; posto de vistoria, Unidade de Servi\u00e7os Veiculares (USV), Ciretrans, Servi\u00e7os Auxiliares de Tr\u00e2nsito (SATs) ou sede (Av. Presidente Vargas, 817, t\u00e9rreo, acesso 3) para verificar o motivo.<br>Abaixo, alguns exemplos de situa\u00e7\u00f5es imped&#8217;itivas para que devem ser verificadas pelos usu\u00e1rios para que n\u00e3o aconte\u00e7am:<\/li>\n<\/ol>\n\n\n\n<ul>\n<li>N\u00e3o ter pago as GRTs de 2024 ou de anos anteriores;<\/li>\n\n\n\n<li>Para os ve\u00edculos a g\u00e1s, n\u00e3o ter realizado a vistoria do GNV no ano corrente (CSV). A emiss\u00e3o do CRLV-e nos ve\u00edculos a g\u00e1s est\u00e1 condicionada \u00e0 comprova\u00e7\u00e3o anual do novo Certificado de Seguran\u00e7a Veicular (CSV);<\/li>\n\n\n\n<li>Ter sido parado em opera\u00e7\u00e3o de fiscaliza\u00e7\u00e3o do Detran e n\u00e3o ter cumprido eventuais exig\u00eancias, ficando com restri\u00e7\u00e3o cadastral;<\/li>\n\n\n\n<li>Para ve\u00edculos de transporte escolar, ve\u00edculos de carga, ve\u00edculos de transporte coletivo de passageiros e ve\u00edculos rodovi\u00e1rios de passageiros, al\u00e9m da quita\u00e7\u00e3o das taxas, encargos e multas, o licenciamento est\u00e1 condicionado \u00e0 verifica\u00e7\u00e3o das condi\u00e7\u00f5es de trafegabilidade e emiss\u00e3o de gases em vistoria veicular (s\u00f3 ficar\u00e1 dispensada a vistoria nos ve\u00edculos movidos por g\u00e1s natural veicular e vistoriados pelo Inmetro);<\/li>\n\n\n\n<li>Ter qualquer restri\u00e7\u00e3o administrativa ou judicial que impe\u00e7a o licenciamento do ve\u00edculo;<\/li>\n\n\n\n<li>Ter deixado de concluir um processo em posto de atendimento do Detran.RJ, deixando o protocolo em aberto;<\/li>\n\n\n\n<li>Ter deixado de atender chamado de recall da montadora do ve\u00edculo;<\/li>\n\n\n\n<li>Ter realizado o servi\u00e7o de Comunica\u00e7\u00e3o de Venda ou Inten\u00e7\u00e3o de Venda;<\/li>\n\n\n\n<li>Ter realizado alguma altera\u00e7\u00e3o de caracter\u00edsticas no ve\u00edculo (com emiss\u00e3o de CSV) que ainda n\u00e3o foi atualizada no sistema do Detran.<\/li>\n<\/ul>\n","protected":false},"excerpt":{"rendered":"<p>O Detran.RJ informa que j\u00e1 est\u00e1 dispon\u00edvel o calend\u00e1rio para o licenciamento anual de ve\u00edculos<\/p>\n","protected":false},"author":1,"featured_media":37878,"comment_status":"closed","ping_status":"open","sticky":false,"template":"","format":"standard","meta":{"spay_email":"","footnotes":"","jetpack_publicize_message":""},"categories":[24],"tags":[],"jetpack_featured_media_url":"https:\/\/i1.wp.com\/jornaldeitaipava.com.br\/wp-content\/uploads\/2024\/01\/DETRAN-scaled.jpg?fit=2560%2C1703&ssl=1","jetpack_publicize_connections":[],"jetpack_sharing_enabled":true,"jetpack_likes_enabled":true,"jetpack-related-posts":[],"_links":{"self":[{"href":"https:\/\/jornaldeitaipava.com.br\/index.php\/wp-json\/wp\/v2\/posts\/37877"}],"collection":[{"href":"https:\/\/jornaldeitaipava.com.br\/index.php\/wp-json\/wp\/v2\/posts"}],"about":[{"href":"https:\/\/jornaldeitaipava.com.br\/index.php\/wp-json\/wp\/v2\/types\/post"}],"author":[{"embeddable":true,"href":"https:\/\/jornaldeitaipava.com.br\/index.php\/wp-json\/wp\/v2\/users\/1"}],"replies":[{"embeddable":true,"href":"https:\/\/jornaldeitaipava.com.br\/index.php\/wp-json\/wp\/v2\/comments?post=37877"}],"version-history":[{"count":1,"href":"https:\/\/jornaldeitaipava.com.br\/index.php\/wp-json\/wp\/v2\/posts\/37877\/revisions"}],"predecessor-version":[{"id":37879,"href":"https:\/\/jornaldeitaipava.com.br\/index.php\/wp-json\/wp\/v2\/posts\/37877\/revisions\/37879"}],"wp:featuredmedia":[{"embeddable":true,"href":"https:\/\/jornaldeitaipava.com.br\/index.php\/wp-json\/wp\/v2\/media\/37878"}],"wp:attachment":[{"href":"https:\/\/jornaldeitaipava.com.br\/index.php\/wp-json\/wp\/v2\/media?parent=37877"}],"wp:term":[{"taxonomy":"category","embeddable":true,"href":"https:\/\/jornaldeitaipava.com.br\/index.php\/wp-json\/wp\/v2\/categories?post=37877"},{"taxonomy":"post_tag","embeddable":true,"href":"https:\/\/jornaldeitaipava.com.br\/index.php\/wp-json\/wp\/v2\/tags?post=37877"}],"curies":[{"name":"wp","href":"https:\/\/api.w.org\/{rel}","templated":true}]}}