{"id":37880,"date":"2024-01-08T19:19:07","date_gmt":"2024-01-08T22:19:07","guid":{"rendered":"http:\/\/jornaldeitaipava.com.br\/?p=37880"},"modified":"2024-01-08T19:19:10","modified_gmt":"2024-01-08T22:19:10","slug":"encontro-anual-de-sanscrito-e-cultura-vedica-no-palacio-de-cristal","status":"publish","type":"post","link":"https:\/\/jornaldeitaipava.com.br\/index.php\/2024\/01\/08\/encontro-anual-de-sanscrito-e-cultura-vedica-no-palacio-de-cristal\/","title":{"rendered":"Encontro Anual de S\u00e2nscrito e Cultura V\u00e9dica no Pal\u00e1cio de Cristal"},"content":{"rendered":"\n<p><em><strong>Evento traz palestras, apresenta\u00e7\u00f5es teatrais e entoa\u00e7\u00e3o de mantras<\/strong><\/em><\/p>\n\n\n\n<p>Petr\u00f3polis vai receber na pr\u00f3xima quinta-feira, dia 11 de janeiro de 2024, o Encontro Anual de S\u00e2nscrito e Cultura V\u00e9dica. O evento acontece das 15h30 \u00e0s 21h no Pal\u00e1cio de Cristal e vai contar com palestras de professores renomados da cultura v\u00e9dica, apresenta\u00e7\u00f5es teatrais em s\u00e2nscrito, recita\u00e7\u00e3o de mantras ancestrais e palestra sobre Vedanta. A entrada \u00e9 franca.<\/p>\n\n\n\n<p>Organizado pelo Instituto Vishva Vidya, centro de estudos de Vedanta e S\u00e2nscrito com sede em Petr\u00f3polis, o evento conta com o apoio da Prefeitura de Petr\u00f3polis por meio das secretarias de Turismo e de Cultura.<\/p>\n\n\n\n<p>O encontro tem como objetivo difundir a tradi\u00e7\u00e3o v\u00e9dica atrav\u00e9s de ensinamentos e atividades culturais. Mais de 100 alunos de todo o pa\u00eds j\u00e1 est\u00e3o confirmados para estarem no munic\u00edpio. O instituto vem promovendo o estudo de s\u00e2nscrito, tendo j\u00e1 alfabetizado milhares de alunos na l\u00edngua e aprofundado os estudos da gram\u00e1tica com outras centenas.<\/p>\n\n\n\n<p>O s\u00e2nscrito \u00e9 uma l\u00edngua ancestral que \u00e9 a base de todas as manifesta\u00e7\u00f5es culturais da tradi\u00e7\u00e3o v\u00e9dica. Apesar de ser um idioma antigo, o seu uso e estudos s\u00e3o muito comuns: tanto em c\u00edrculos acad\u00eamicos em v\u00e1rias partes do mundo, como em vilas na \u00cdndia em que s\u00f3 se fala s\u00e2nscrito. Al\u00e9m disso, em v\u00e1rios locais de estudo da tradi\u00e7\u00e3o v\u00e9dica, como no Brasil, usa-se o s\u00e2nscrito como a l\u00edngua prim\u00e1ria de estudo.<\/p>\n\n\n\n<p>\u201cO evento nasceu como resultado das mais de 500 pessoas que ensinamos a ler e escrever em s\u00e2nscrito, mais de 100 que conclu\u00edram o estudo de gram\u00e1tica e 250 que estudam atualmente. Vai ser uma oportunidade de integra\u00e7\u00e3o e aprofundamento nos conhecimentos da cultura v\u00e9dica. Com tantas pessoas que j\u00e1 estudaram s\u00e2nscrito, elas agora desejam falar e conversar na l\u00edngua e participar de pr\u00e1ticas culturais com o idioma. Al\u00e9m disso, queremos aproximar o p\u00fablico geral dessa cultura que \u00e9 t\u00e3o rica e fascinante\u201d, explica o professor Jonas Masetti, fundador no Instituto Vishva Vidya.<\/p>\n\n\n\n<p>No ano passado o Instituto Vishva Vidya lan\u00e7ou uma publica\u00e7\u00e3o sobre o estudo da gram\u00e1tica do s\u00e2nscrito em portugu\u00eas. O livro chamado \u201cShabdapathanam\u201d visa preparar os alunos de l\u00edngua portuguesa que desejam adquirir a habilidade em ler os textos tradicionais da cultura v\u00e9dica em sua l\u00edngua original.<\/p>\n\n\n\n<p>De acordo com Masetti o s\u00e2nscrito \u00e9 um tema que atrai pesquisadores, historiadores, devotos e cientistas para sua compreens\u00e3o. Isso porque existem estudos cient\u00edficos que comprovam que aprender a l\u00edngua traz benef\u00edcios para a mente. \u201cPor\u00e9m n\u00e3o basta simplesmente estud\u00e1-lo como um idioma, \u00e9 preciso compreender a tradi\u00e7\u00e3o da qual ele faz parte, e estud\u00e1-lo dentro desse contexto para que seja poss\u00edvel receber tais benef\u00edcios\u201d, finaliza Masetti.<\/p>\n\n\n\n<p>Mais informa\u00e7\u00f5es sobre este e outros eventos no perfil @vedanta.soma no Instagram.<\/p>\n\n\n\n<p><strong>Servi\u00e7o:<\/strong><\/p>\n\n\n\n<p><strong>Encontro Anual de S\u00e2nscrito e Cultura V\u00e9dica<\/strong><\/p>\n\n\n\n<p><strong>Data: 11 de Janeiro de 2024<\/strong><\/p>\n\n\n\n<p><strong>Local: Pal\u00e1cio de Cristal<\/strong><\/p>\n\n\n\n<p><strong>Hor\u00e1rio: 15h30 \u2013 21h<\/strong><\/p>\n\n\n\n<p><strong>Entrada Franca<\/strong><\/p>\n\n\n\n<p><strong>Programa\u00e7\u00e3o:<\/strong><\/p>\n\n\n\n<p><strong>&#8211; Puja para Saraswati<\/strong><\/p>\n\n\n\n<p><strong>&#8211; Recita\u00e7\u00e3o de Mantras V\u00e9dicos<\/strong><\/p>\n\n\n\n<p><strong>&#8211; Palestra \u201cS\u00e2nscrito como base cultural da \u00cdndia\u201d<\/strong><\/p>\n\n\n\n<p><strong>&#8211; Pr\u00e1tica de canto de Shabdas<\/strong><\/p>\n\n\n\n<p><strong>&#8211; Dramatiza\u00e7\u00e3o de hist\u00f3rias do Pancatantra<\/strong><\/p>\n\n\n\n<p><strong>&#8211; Dramatiza\u00e7\u00e3o do Ramayana de Valmiki<\/strong><\/p>\n\n\n\n<p><strong>&#8211; Dramatiza\u00e7\u00e3o de Shakuntala por Kalidasa<\/strong><\/p>\n","protected":false},"excerpt":{"rendered":"<p>Evento traz palestras, apresenta\u00e7\u00f5es teatrais e entoa\u00e7\u00e3o de mantras Petr\u00f3polis vai receber na pr\u00f3xima quinta-feira,<\/p>\n","protected":false},"author":1,"featured_media":37881,"comment_status":"closed","ping_status":"open","sticky":false,"template":"","format":"standard","meta":{"spay_email":"","footnotes":"","jetpack_publicize_message":""},"categories":[1],"tags":[],"jetpack_featured_media_url":"https:\/\/i0.wp.com\/jornaldeitaipava.com.br\/wp-content\/uploads\/2024\/01\/II-Festival-professor-Jonas.jpg?fit=1024%2C576&ssl=1","jetpack_publicize_connections":[],"jetpack_sharing_enabled":true,"jetpack_likes_enabled":true,"jetpack-related-posts":[],"_links":{"self":[{"href":"https:\/\/jornaldeitaipava.com.br\/index.php\/wp-json\/wp\/v2\/posts\/37880"}],"collection":[{"href":"https:\/\/jornaldeitaipava.com.br\/index.php\/wp-json\/wp\/v2\/posts"}],"about":[{"href":"https:\/\/jornaldeitaipava.com.br\/index.php\/wp-json\/wp\/v2\/types\/post"}],"author":[{"embeddable":true,"href":"https:\/\/jornaldeitaipava.com.br\/index.php\/wp-json\/wp\/v2\/users\/1"}],"replies":[{"embeddable":true,"href":"https:\/\/jornaldeitaipava.com.br\/index.php\/wp-json\/wp\/v2\/comments?post=37880"}],"version-history":[{"count":1,"href":"https:\/\/jornaldeitaipava.com.br\/index.php\/wp-json\/wp\/v2\/posts\/37880\/revisions"}],"predecessor-version":[{"id":37882,"href":"https:\/\/jornaldeitaipava.com.br\/index.php\/wp-json\/wp\/v2\/posts\/37880\/revisions\/37882"}],"wp:featuredmedia":[{"embeddable":true,"href":"https:\/\/jornaldeitaipava.com.br\/index.php\/wp-json\/wp\/v2\/media\/37881"}],"wp:attachment":[{"href":"https:\/\/jornaldeitaipava.com.br\/index.php\/wp-json\/wp\/v2\/media?parent=37880"}],"wp:term":[{"taxonomy":"category","embeddable":true,"href":"https:\/\/jornaldeitaipava.com.br\/index.php\/wp-json\/wp\/v2\/categories?post=37880"},{"taxonomy":"post_tag","embeddable":true,"href":"https:\/\/jornaldeitaipava.com.br\/index.php\/wp-json\/wp\/v2\/tags?post=37880"}],"curies":[{"name":"wp","href":"https:\/\/api.w.org\/{rel}","templated":true}]}}