{"id":37885,"date":"2024-01-08T19:31:01","date_gmt":"2024-01-08T22:31:01","guid":{"rendered":"http:\/\/jornaldeitaipava.com.br\/?p=37885"},"modified":"2024-01-08T19:31:03","modified_gmt":"2024-01-08T22:31:03","slug":"exposicao-internacional-abre-o-ano-na-piccola-arena","status":"publish","type":"post","link":"https:\/\/jornaldeitaipava.com.br\/index.php\/2024\/01\/08\/exposicao-internacional-abre-o-ano-na-piccola-arena\/","title":{"rendered":"Exposi\u00e7\u00e3o internacional abre o ano na Piccola Arena"},"content":{"rendered":"\n<p>A Piccola Arena tem o prazer de apresentar sua primeira exposi\u00e7\u00e3o internacional. Abrindo a agenda de 2024, o artista visual holand\u00eas Mark Schneiders \u2013 tamb\u00e9m conhecido como Paradiseranche \u2013 faz a ocupa\u00e7\u00e3o das duas galerias principais. \u00c9 tamb\u00e9m sua primeira exibi\u00e7\u00e3o fora do eixo Europa \/ EUA, onde atua regularmente.O vernissage ser\u00e1 no dia 13 de janeiro, s\u00e1bado, de 13h \u00e0s 17h, com Schneiders recebendo o p\u00fablico. Cerca de 50 obras das mais variadas t\u00e9cnicas comp\u00f5em a mostra. Fotografias, aquarelas, gravuras, mixed media fazem parte da montagem, que conta ainda com t\u00e9cnicas criadas e desenvolvidas pelo premiado artista.<br>Nascido na cidade de Hoorn, Holanda, graduado summa cum laude pela AKI Academy of Art &amp; Design \u2013 Enschede, Holanda, Mark \u00e9 fot\u00f3grafo premiado internacionalmente, pintor, criador de objetos, ativista pol\u00edtico, poeta, m\u00fasico e naturalista. Dessa conjun\u00e7\u00e3o de talentos sai Paradiseranche, pseud\u00f4nimo do artista que d\u00e1 nome \u00e0 exposi\u00e7\u00e3o. Scheinders interv\u00e9m nas t\u00e9cnicas tradicionais, criando um estilo \u00fanico.<br>Dentre as principais mostras individuais na Holanda est\u00e3o \u201cTable Project\u201d, em Hengelo; a exibi\u00e7\u00e3o de v\u00eddeos em Kampen e \u201cIf it\u2019s bad it\u2019s even better\u201d em Enschede, a convite da Funda\u00e7\u00e3o B93 Kunstenaars Iniitaief. J\u00e1 na Alemanha, apresentou \u201cDie Holl\u00e5ndsche Welle\u201d, na cidade de Jena. Nos EUA recebeu o pr\u00eamio \u201cWindows of Oportunity\u201d , tendo foto publicada na Magazine.com. Participou ainda de coletiva fotogr\u00e1fica na livraria holandesa Broekhuis, com fotos tiradas na Normandia no dia dos festejos do Dia D.<br>A Piccola Arena fica na Estrada do Rocio 3507, (entrada pelo km 76 da BR040, sentido JF-Rio). Todas as atividades s\u00e3o gratuitas.<\/p>\n\n\n\n<p><strong>Servi\u00e7o: <\/strong><\/p>\n\n\n\n<p>Paradiseranche<br>De Mark Scheinders<br>Exposi\u00e7\u00e3o internacional com 50 obras do artista holand\u00eas<br>T\u00e9cnicas variadas<br>Piccola Arena (Estrada do Rocio 3507, Rocio Petr\u00f3polis) tel 21.996726153<br>Vernissage 13 de janeiro, s\u00e1bado, de 13 \u00e0s 17h<br>(o bistr\u00f4 Divina S\u00e1lvia estar\u00e1 aberto para almo\u00e7o)<br>De 13 de janeiro at\u00e9 25 de fevereiro 2024<br>S\u00e1bados, domingos e feriados, de meio dia \u00e0s 17h<\/p>\n","protected":false},"excerpt":{"rendered":"<p>A Piccola Arena tem o prazer de apresentar sua primeira exposi\u00e7\u00e3o internacional. Abrindo a agenda<\/p>\n","protected":false},"author":1,"featured_media":37886,"comment_status":"closed","ping_status":"open","sticky":false,"template":"","format":"standard","meta":{"spay_email":"","footnotes":"","jetpack_publicize_message":""},"categories":[1],"tags":[],"jetpack_featured_media_url":"https:\/\/i2.wp.com\/jornaldeitaipava.com.br\/wp-content\/uploads\/2024\/01\/WhatsApp-Image-2024-01-08-at-15.56.51.jpeg?fit=1440%2C1080&ssl=1","jetpack_publicize_connections":[],"jetpack_sharing_enabled":true,"jetpack_likes_enabled":true,"jetpack-related-posts":[],"_links":{"self":[{"href":"https:\/\/jornaldeitaipava.com.br\/index.php\/wp-json\/wp\/v2\/posts\/37885"}],"collection":[{"href":"https:\/\/jornaldeitaipava.com.br\/index.php\/wp-json\/wp\/v2\/posts"}],"about":[{"href":"https:\/\/jornaldeitaipava.com.br\/index.php\/wp-json\/wp\/v2\/types\/post"}],"author":[{"embeddable":true,"href":"https:\/\/jornaldeitaipava.com.br\/index.php\/wp-json\/wp\/v2\/users\/1"}],"replies":[{"embeddable":true,"href":"https:\/\/jornaldeitaipava.com.br\/index.php\/wp-json\/wp\/v2\/comments?post=37885"}],"version-history":[{"count":1,"href":"https:\/\/jornaldeitaipava.com.br\/index.php\/wp-json\/wp\/v2\/posts\/37885\/revisions"}],"predecessor-version":[{"id":37887,"href":"https:\/\/jornaldeitaipava.com.br\/index.php\/wp-json\/wp\/v2\/posts\/37885\/revisions\/37887"}],"wp:featuredmedia":[{"embeddable":true,"href":"https:\/\/jornaldeitaipava.com.br\/index.php\/wp-json\/wp\/v2\/media\/37886"}],"wp:attachment":[{"href":"https:\/\/jornaldeitaipava.com.br\/index.php\/wp-json\/wp\/v2\/media?parent=37885"}],"wp:term":[{"taxonomy":"category","embeddable":true,"href":"https:\/\/jornaldeitaipava.com.br\/index.php\/wp-json\/wp\/v2\/categories?post=37885"},{"taxonomy":"post_tag","embeddable":true,"href":"https:\/\/jornaldeitaipava.com.br\/index.php\/wp-json\/wp\/v2\/tags?post=37885"}],"curies":[{"name":"wp","href":"https:\/\/api.w.org\/{rel}","templated":true}]}}