{"id":37888,"date":"2024-01-08T19:35:45","date_gmt":"2024-01-08T22:35:45","guid":{"rendered":"http:\/\/jornaldeitaipava.com.br\/?p=37888"},"modified":"2024-01-08T19:35:47","modified_gmt":"2024-01-08T22:35:47","slug":"ingressos-para-o-baile-do-preto-e-branco-entram-no-2-lote-nesta-segunda-feira","status":"publish","type":"post","link":"https:\/\/jornaldeitaipava.com.br\/index.php\/2024\/01\/08\/ingressos-para-o-baile-do-preto-e-branco-entram-no-2-lote-nesta-segunda-feira\/","title":{"rendered":"Ingressos para o Baile do Preto e Branco entram no 2\u00b0 lote nesta segunda-feira"},"content":{"rendered":"\n<p>Essa \u00e9 ultima chance para garantir o 1\u00b0 lote para o Baile do Preto e Branco! No pr\u00f3ximo dia 3 de fevereiro, a partir das 22h, o Clube Petropolitano realiza mais uma edi\u00e7\u00e3o do mais tradicional baile da cidade e os ingressos, que j\u00e1 est\u00e3o \u00e0 venda, entram no 2\u00b0 lote na pr\u00f3xima segunda-feira, com o valor de R$50,00 (meia-entrada) e R$100,00 (inteira) pista e R$80,00 (meia-entrada) e R$160,00 (inteira) camarote.<br>Interessados podem comprar diretamente na secretaria do Petr\u00f4 (Centro), na loja Tricell (16 de Mar\u00e7o, n\u00ba 333) e pela internet no site www.guicheweb.com.br. Mesas para 2 e 4 pessoas est\u00e3o \u00e0 venda, exclusivamente, na secretaria do Clube.<br>Este ano, as atra\u00e7\u00f5es ser\u00e3o a Escola de Samba Acad\u00eamicos do Salgueiro no palco principal e mais uma edi\u00e7\u00e3o especial da Boate Savana, no espa\u00e7o grill. O evento possui classifica\u00e7\u00e3o de 18 anos e exige traje preto ou branco, inclusive cal\u00e7ados e adere\u00e7os.<br>Al\u00e9m dos casos previstos em lei, moradores de Petr\u00f3polis tamb\u00e9m pagam meia-entrada. S\u00f3cios adimplentes e seus dependentes t\u00eam gratuidade e podem retirar seus ingressos diretamente na secretaria do Clube.<\/p>\n\n\n\n<p><strong>Baile do Preto e Branco<br><\/strong>Data: 03 de fevereiro de 2024, \u00e0s 22h<br>Endere\u00e7o: Av. Roberto Silveira, 82, Centro \u2013 Petr\u00f3polis<br>Pre\u00e7os (2\u00b0 lote): pista R$ 50,00 (meia-entrada) \/R$ 100,00 (inteira). Camarote R$ 80,00 (meia-entrada) \/R$ 160,00 (inteira)<br>S\u00f3cio em dia: gr\u00e1tis<br>VENDA ONLINE: https:\/\/www.guicheweb.com.br\/baile-do-preto-e-branco_28176<br>Classifica\u00e7\u00e3o 18 anos<br>Mais informa\u00e7\u00f5es: (24) 2242-4949<\/p>\n","protected":false},"excerpt":{"rendered":"<p>Essa \u00e9 ultima chance para garantir o 1\u00b0 lote para o Baile do Preto e<\/p>\n","protected":false},"author":1,"featured_media":37889,"comment_status":"closed","ping_status":"open","sticky":false,"template":"","format":"standard","meta":{"spay_email":"","footnotes":"","jetpack_publicize_message":""},"categories":[1],"tags":[],"jetpack_featured_media_url":"https:\/\/i2.wp.com\/jornaldeitaipava.com.br\/wp-content\/uploads\/2024\/01\/WhatsApp-Image-2024-01-05-at-15.11.24.jpeg?fit=1024%2C678&ssl=1","jetpack_publicize_connections":[],"jetpack_sharing_enabled":true,"jetpack_likes_enabled":true,"jetpack-related-posts":[],"_links":{"self":[{"href":"https:\/\/jornaldeitaipava.com.br\/index.php\/wp-json\/wp\/v2\/posts\/37888"}],"collection":[{"href":"https:\/\/jornaldeitaipava.com.br\/index.php\/wp-json\/wp\/v2\/posts"}],"about":[{"href":"https:\/\/jornaldeitaipava.com.br\/index.php\/wp-json\/wp\/v2\/types\/post"}],"author":[{"embeddable":true,"href":"https:\/\/jornaldeitaipava.com.br\/index.php\/wp-json\/wp\/v2\/users\/1"}],"replies":[{"embeddable":true,"href":"https:\/\/jornaldeitaipava.com.br\/index.php\/wp-json\/wp\/v2\/comments?post=37888"}],"version-history":[{"count":1,"href":"https:\/\/jornaldeitaipava.com.br\/index.php\/wp-json\/wp\/v2\/posts\/37888\/revisions"}],"predecessor-version":[{"id":37890,"href":"https:\/\/jornaldeitaipava.com.br\/index.php\/wp-json\/wp\/v2\/posts\/37888\/revisions\/37890"}],"wp:featuredmedia":[{"embeddable":true,"href":"https:\/\/jornaldeitaipava.com.br\/index.php\/wp-json\/wp\/v2\/media\/37889"}],"wp:attachment":[{"href":"https:\/\/jornaldeitaipava.com.br\/index.php\/wp-json\/wp\/v2\/media?parent=37888"}],"wp:term":[{"taxonomy":"category","embeddable":true,"href":"https:\/\/jornaldeitaipava.com.br\/index.php\/wp-json\/wp\/v2\/categories?post=37888"},{"taxonomy":"post_tag","embeddable":true,"href":"https:\/\/jornaldeitaipava.com.br\/index.php\/wp-json\/wp\/v2\/tags?post=37888"}],"curies":[{"name":"wp","href":"https:\/\/api.w.org\/{rel}","templated":true}]}}