{"id":37891,"date":"2024-01-08T19:39:31","date_gmt":"2024-01-08T22:39:31","guid":{"rendered":"http:\/\/jornaldeitaipava.com.br\/?p=37891"},"modified":"2024-01-08T19:39:33","modified_gmt":"2024-01-08T22:39:33","slug":"programa-do-cefet-rj-petropolis-cria-observatorio-de-dados-estatisticos-sobre-a-cidade","status":"publish","type":"post","link":"https:\/\/jornaldeitaipava.com.br\/index.php\/2024\/01\/08\/programa-do-cefet-rj-petropolis-cria-observatorio-de-dados-estatisticos-sobre-a-cidade\/","title":{"rendered":"Programa do Cefet\/RJ Petr\u00f3polis cria observat\u00f3rio de dados estat\u00edsticos sobre a cidade"},"content":{"rendered":"\n<p>Alimentar um observat\u00f3rio de dados de diversas \u00e1reas de interesse da sociedade petropolitana. Este \u00e9 o objetivo do Programa Cefet Observa Petr\u00f3polis (COP), coordenado pelo professor Rafael Ferrara, da unidade Petr\u00f3polis do Cefet\/RJ. Desde o in\u00edcio de 2023, o programa realizou tr\u00eas pesquisas na cidade: sobre a trag\u00e9dia de fevereiro de 2022; sobre o sistema de \u00f4nibus de Petr\u00f3polis; e sobre o mercado farmac\u00eautico do centro do munic\u00edpio.<br>O professor Rafael explicou que o programa COP era um embri\u00e3o enquanto parte de uma disciplina do curso de Administra\u00e7\u00e3o do Cefet\/RJ (unidade Maracan\u00e3), onde atuava. \u201cCom a minha vinda para o Cefet\/RJ Petr\u00f3polis, notei que existia uma demanda de algo do tipo na cidade e resolvi dar um passo a mais, criando oficialmente um observat\u00f3rio\u201d, declarou.<br>O programa ent\u00e3o re\u00fane projetos de pesquisa, nos quais alunos dos cursos de Licenciatura em F\u00edsica e Licenciatura em Matem\u00e1tica do Cefet\/RJ Petr\u00f3polis foram respons\u00e1veis pela coleta, tratamento e armazenamento de dados estat\u00edsticos relacionados \u00e0 cidade. Rafael ressaltou a import\u00e2ncia dos estudos para Petr\u00f3polis e seus diversos agentes: \u201ca m\u00eddia se interessa para ampliar o debate e colocar luz sobre o assunto. Os governantes passam a ter acesso \u00e0 opini\u00e3o de seus contribuintes atrav\u00e9s de um processo isento e imparcial. J\u00e1 para a popula\u00e7\u00e3o, a pesquisa d\u00e1 amplitude \u00e0 voz dela\u201d.<br>A aluna do 6\u00ba per\u00edodo de Licenciatura em F\u00edsica, Ana Carolina Barroso, atua como volunt\u00e1ria do programa desde setembro de 2023. Ela trabalhou sobretudo na pesquisa sobre o sistema de \u00f4nibus e destacou como foi importante enfrentar a sua timidez e ir para campo entrevistar as pessoas. \u201cParticipar do programa me fez entender mais a fundo como uma pesquisa funciona, a parte dos bastidores, e tamb\u00e9m me ajudou com rela\u00e7\u00e3o interpessoal mesmo\u201d, ressaltou. Tamb\u00e9m atuaram no programa os alunos J\u00f4natas Coelho, Jonas de Abreu, Rayan Wilbert e Raul Milagres.<\/p>\n\n\n\n<h2 class=\"wp-block-heading\">Conhe\u00e7a melhor os projetos do Programa COP:<\/h2>\n\n\n\n<p><strong>Projeto \u201cA trag\u00e9dia de fevereiro de 2022\u201d<br><\/strong>Em abril e maio, o COP entrevistou 800 moradores de Petr\u00f3polis em diversos pontos da cidade. O projeto \u201cA trag\u00e9dia de fevereiro de 2022\u201d verificou que 48,8% dos entrevistados foram diretamente afetados pelo temporal em 15 de fevereiro daquele ano e que 66,63% tiveram dificuldade de voltar para casa.<br>A pesquisa tamb\u00e9m mostrou que dois ter\u00e7os dos respondentes disseram que costumam ter o seu retorno \u00e0 resid\u00eancia afetado quando chove no munic\u00edpio. De acordo com o relat\u00f3rio do estudo, esse resultado \u00e9 grave, uma vez que indica um problema cr\u00f4nico em Petr\u00f3polis. \u201cIsto \u00e9, n\u00e3o \u00e9 necess\u00e1rio um temporal fora da m\u00e9dia para afetar a vida das pessoas da cidade no retorno ao lar, hor\u00e1rio que normalmente tem-se as chuvas mais intensas\u201d, afirma.<br>Outro dado relevante apontado pela pesquisa \u00e9 que 39,80% dos entrevistados pensa em se mudar do local onde mora. Entre os entrevistados que moram em \u00e1reas atingidas pelas chuvas de 2022, esse n\u00famero sobe para 66%.<\/p>\n\n\n\n<p><strong>Projeto \u201cO sistema de \u00f4nibus de Petr\u00f3polis\u201d<br><\/strong>Em novembro de 2023, o Programa COP entrevistou 600 pessoas com o objetivo de identificar a percep\u00e7\u00e3o da popula\u00e7\u00e3o em rela\u00e7\u00e3o ao servi\u00e7o de \u00f4nibus da cidade e, assim, auxiliar entidades municipais e privadas na melhoria do servi\u00e7o.<br>Segundo o relat\u00f3rio do projeto, a frota de \u00f4nibus do munic\u00edpio nunca voltou \u00e0 quantidade anterior \u00e0 pandemia, quando foi reduzida, e a reclama\u00e7\u00e3o mais recorrente da popula\u00e7\u00e3o era justamente a falta de ve\u00edculos nas ruas. Al\u00e9m disso, no in\u00edcio de 2023, um inc\u00eandio na garagem compartilhada de duas companhias prestadoras do servi\u00e7o destruiu 78 \u00f4nibus, o que tamb\u00e9m afetou o n\u00famero de ve\u00edculos dispon\u00edveis para uso.<br>Os resultados da pesquisa comprovaram, ent\u00e3o, que os petropolitanos t\u00eam uma percep\u00e7\u00e3o ruim do servi\u00e7o prestado. Para se ter uma ideia, aproximadamente 44% dos entrevistados consideram que viajam em \u00f4nibus \u201csempre cheios\u201d e cerca de 48% consideram viajar em \u00f4nibus \u201cesporadicamente cheios\u201d. Al\u00e9m disso, 78% dos respondentes n\u00e3o consideram o valor da tarifa justa. A pesquisa tamb\u00e9m avaliou a conserva\u00e7\u00e3o dos ve\u00edculos, a pontualidade e as interrup\u00e7\u00f5es do servi\u00e7o. Na pergunta final, a pesquisa solicitou aos entrevistados que atribu\u00edssem uma nota para todo o servi\u00e7o de \u00f4nibus prestado na cidade. O resultado apontou a insatisfa\u00e7\u00e3o: a m\u00e9dia geral foi 4,6.<\/p>\n\n\n\n<p><strong>O mercado farmac\u00eautico de Petr\u00f3polis<br><\/strong>Em novembro, o Programa COP tamb\u00e9m realizou uma pesquisa sobre o vasto mercado farmac\u00eautico do centro de Petr\u00f3polis, buscando identificar se a grande quantidade de farm\u00e1cias fornece ou n\u00e3o uma vantagem econ\u00f4mica aos moradores da regi\u00e3o. O estudo reuniu dados de trinta estabelecimentos e verificou pre\u00e7os de diversos medicamentos relacionados a condi\u00e7\u00f5es como hipertens\u00e3o, diabetes, colesterol, entre outros.<br>Os resultados mostraram que, entre os oito medicamentos pesquisados, a Valsartana (para hipertens\u00e3o) foi a que apresentou a maior varia\u00e7\u00e3o financeira (R$ 46,91). J\u00e1 em varia\u00e7\u00e3o percentual, o maior resultado ficou para o antibi\u00f3tico Amoxilina (400,6%). A pesquisa concluiu que \u201ca popula\u00e7\u00e3o precisa desenvolver o h\u00e1bito de pesquisar o pre\u00e7o de medicamentos, especialmente os de uso cont\u00ednuo. As diferen\u00e7as que v\u00e3o de o dobro do pre\u00e7o at\u00e9 quatro vezes o pre\u00e7o mostram o quanto negligenciar a livre concorr\u00eancia pode pesar no or\u00e7amento\u201d.<\/p>\n","protected":false},"excerpt":{"rendered":"<p>Alimentar um observat\u00f3rio de dados de diversas \u00e1reas de interesse da sociedade petropolitana. Este \u00e9<\/p>\n","protected":false},"author":1,"featured_media":14141,"comment_status":"closed","ping_status":"open","sticky":false,"template":"","format":"standard","meta":{"spay_email":"","footnotes":"","jetpack_publicize_message":""},"categories":[2],"tags":[],"jetpack_featured_media_url":"https:\/\/i1.wp.com\/jornaldeitaipava.com.br\/wp-content\/uploads\/2021\/04\/centro-petropolis-JI.jpg?fit=535%2C346&ssl=1","jetpack_publicize_connections":[],"jetpack_sharing_enabled":true,"jetpack_likes_enabled":true,"jetpack-related-posts":[],"_links":{"self":[{"href":"https:\/\/jornaldeitaipava.com.br\/index.php\/wp-json\/wp\/v2\/posts\/37891"}],"collection":[{"href":"https:\/\/jornaldeitaipava.com.br\/index.php\/wp-json\/wp\/v2\/posts"}],"about":[{"href":"https:\/\/jornaldeitaipava.com.br\/index.php\/wp-json\/wp\/v2\/types\/post"}],"author":[{"embeddable":true,"href":"https:\/\/jornaldeitaipava.com.br\/index.php\/wp-json\/wp\/v2\/users\/1"}],"replies":[{"embeddable":true,"href":"https:\/\/jornaldeitaipava.com.br\/index.php\/wp-json\/wp\/v2\/comments?post=37891"}],"version-history":[{"count":1,"href":"https:\/\/jornaldeitaipava.com.br\/index.php\/wp-json\/wp\/v2\/posts\/37891\/revisions"}],"predecessor-version":[{"id":37892,"href":"https:\/\/jornaldeitaipava.com.br\/index.php\/wp-json\/wp\/v2\/posts\/37891\/revisions\/37892"}],"wp:featuredmedia":[{"embeddable":true,"href":"https:\/\/jornaldeitaipava.com.br\/index.php\/wp-json\/wp\/v2\/media\/14141"}],"wp:attachment":[{"href":"https:\/\/jornaldeitaipava.com.br\/index.php\/wp-json\/wp\/v2\/media?parent=37891"}],"wp:term":[{"taxonomy":"category","embeddable":true,"href":"https:\/\/jornaldeitaipava.com.br\/index.php\/wp-json\/wp\/v2\/categories?post=37891"},{"taxonomy":"post_tag","embeddable":true,"href":"https:\/\/jornaldeitaipava.com.br\/index.php\/wp-json\/wp\/v2\/tags?post=37891"}],"curies":[{"name":"wp","href":"https:\/\/api.w.org\/{rel}","templated":true}]}}