{"id":37893,"date":"2024-01-08T19:44:30","date_gmt":"2024-01-08T22:44:30","guid":{"rendered":"http:\/\/jornaldeitaipava.com.br\/?p=37893"},"modified":"2024-01-08T19:44:32","modified_gmt":"2024-01-08T22:44:32","slug":"petropolis-ja-recebeu-cerca-de-r-120-milhoes-em-emendas-do-deputado-hugo-leal","status":"publish","type":"post","link":"https:\/\/jornaldeitaipava.com.br\/index.php\/2024\/01\/08\/petropolis-ja-recebeu-cerca-de-r-120-milhoes-em-emendas-do-deputado-hugo-leal\/","title":{"rendered":"Petr\u00f3polis j\u00e1 recebeu cerca de R$ 120 milh\u00f5es em Emendas do Deputado Hugo Leal"},"content":{"rendered":"\n<p>Em recente agenda na sede do Governo do Estado, onde participou de diversos compromissos, o Vereador Eduardo do Blog esteve, no dia 02 de janeiro, reunido com o Deputado Federal Hugo Leal, onde confirmou e agradeceu a libera\u00e7\u00e3o de duas emendas parlamentares no valor de R$ 1,37 milh\u00f5es de Reais destinadas para Petr\u00f3polis. Boa parte desse montante, R$ 720 mil, ser\u00e1 destinado para a Sa\u00fade e o restante, R$ 650 mil, ser\u00e1 utilizado na Assist\u00eancia Social.<br>Em seu quinto mandato como Deputado Federal, Hugo Leal, que \u00e9 autor da Lei Seca, tem um hist\u00f3rico de aux\u00edlio a Petr\u00f3polis atrav\u00e9s de suas emendas tendo destinado at\u00e9 o momento cerca de R$ 120 milh\u00f5es. Recentemente o munic\u00edpio adquiriu dois mam\u00f3grafos, frutos desses repasses.<br>&#8220;Precisamos sempre desses recursos federais e muitas vezes o deputado sequer \u00e9 citado quando h\u00e1 eventos da prefeitura, seja durante a inaugura\u00e7\u00e3o de alguma obra ou de aquisi\u00e7\u00e3o de equipamentos que s\u00f3 foram poss\u00edveis atrav\u00e9s de suas emendas. Por isso fiz quest\u00e3o de fazer este gesto de agradecimento pelo constante carinho com nossa cidade&#8221;, disse o vereador.<br>O deputado elogiou a atua\u00e7\u00e3o parlamentar do vereador Eduardo do Blog dizendo que as a\u00e7\u00f5es de fiscaliza\u00e7\u00e3o s\u00e3o essenciais para que as verbas sejam aprovadas.<br>&#8220;Esses recursos s\u00f3 s\u00e3o poss\u00edveis justamente pela dimens\u00e3o do trabalho que a C\u00e2mara de Vereadores tem feito. Tenho um compromisso com Petr\u00f3polis e fico feliz em saber que cada recurso que coloco no munic\u00edpio \u00e9 fiscalizado e a verba utilizada para o fim a qual foi destinada&#8221;, disse o parlamentar.<br>O deputado ser\u00e1 um dos agraciados com Mo\u00e7\u00e3o Congratulat\u00f3ria, na pr\u00f3xima sess\u00e3o solene da C\u00e2mara Municipal, em reconhecimento \u00e0s suas diversas a\u00e7\u00f5es em prol da cidade.<\/p>\n","protected":false},"excerpt":{"rendered":"<p>Em recente agenda na sede do Governo do Estado, onde participou de diversos compromissos, o<\/p>\n","protected":false},"author":1,"featured_media":37894,"comment_status":"closed","ping_status":"open","sticky":false,"template":"","format":"standard","meta":{"spay_email":"","footnotes":"","jetpack_publicize_message":""},"categories":[2],"tags":[],"jetpack_featured_media_url":"https:\/\/i0.wp.com\/jornaldeitaipava.com.br\/wp-content\/uploads\/2024\/01\/WhatsApp-Image-2024-01-04-at-11.00.34.jpeg?fit=1280%2C720&ssl=1","jetpack_publicize_connections":[],"jetpack_sharing_enabled":true,"jetpack_likes_enabled":true,"jetpack-related-posts":[],"_links":{"self":[{"href":"https:\/\/jornaldeitaipava.com.br\/index.php\/wp-json\/wp\/v2\/posts\/37893"}],"collection":[{"href":"https:\/\/jornaldeitaipava.com.br\/index.php\/wp-json\/wp\/v2\/posts"}],"about":[{"href":"https:\/\/jornaldeitaipava.com.br\/index.php\/wp-json\/wp\/v2\/types\/post"}],"author":[{"embeddable":true,"href":"https:\/\/jornaldeitaipava.com.br\/index.php\/wp-json\/wp\/v2\/users\/1"}],"replies":[{"embeddable":true,"href":"https:\/\/jornaldeitaipava.com.br\/index.php\/wp-json\/wp\/v2\/comments?post=37893"}],"version-history":[{"count":1,"href":"https:\/\/jornaldeitaipava.com.br\/index.php\/wp-json\/wp\/v2\/posts\/37893\/revisions"}],"predecessor-version":[{"id":37895,"href":"https:\/\/jornaldeitaipava.com.br\/index.php\/wp-json\/wp\/v2\/posts\/37893\/revisions\/37895"}],"wp:featuredmedia":[{"embeddable":true,"href":"https:\/\/jornaldeitaipava.com.br\/index.php\/wp-json\/wp\/v2\/media\/37894"}],"wp:attachment":[{"href":"https:\/\/jornaldeitaipava.com.br\/index.php\/wp-json\/wp\/v2\/media?parent=37893"}],"wp:term":[{"taxonomy":"category","embeddable":true,"href":"https:\/\/jornaldeitaipava.com.br\/index.php\/wp-json\/wp\/v2\/categories?post=37893"},{"taxonomy":"post_tag","embeddable":true,"href":"https:\/\/jornaldeitaipava.com.br\/index.php\/wp-json\/wp\/v2\/tags?post=37893"}],"curies":[{"name":"wp","href":"https:\/\/api.w.org\/{rel}","templated":true}]}}