{"id":37900,"date":"2024-01-08T20:06:43","date_gmt":"2024-01-08T23:06:43","guid":{"rendered":"http:\/\/jornaldeitaipava.com.br\/?p=37900"},"modified":"2024-01-08T20:06:44","modified_gmt":"2024-01-08T23:06:44","slug":"rj-cobranca-por-ar-condicionado-em-carros-de-aplicativo-e-abusiva","status":"publish","type":"post","link":"https:\/\/jornaldeitaipava.com.br\/index.php\/2024\/01\/08\/rj-cobranca-por-ar-condicionado-em-carros-de-aplicativo-e-abusiva\/","title":{"rendered":"RJ: cobran\u00e7a por ar-condicionado em carros de aplicativo \u00e9 abusiva"},"content":{"rendered":"\n<p><strong>Governo do estado publicou resolu\u00e7\u00e3o para evitar pagamento adicional<\/strong><\/p>\n\n\n\n<p><br>O governo fluminense publicou nesta segunda-feira (8) resolu\u00e7\u00e3o que determina medidas contra cobran\u00e7as adicionais por uso de ar-condicionado nos carros de aplicativo. Essa pr\u00e1tica foi considerada abusiva pelo governo do estado.<br>Com a resolu\u00e7\u00e3o, as plataformas digitais de transportes de passageiros devem fornecer, no momento da contrata\u00e7\u00e3o do servi\u00e7o, informa\u00e7\u00e3o clara e precisa quanto ao uso ou n\u00e3o de ar-condicionado em todas as categorias dispon\u00edveis no aplicativo. Caso contr\u00e1rio, o aparelho deve estar ligado em todas as categorias.<br>O secret\u00e1rio estadual de Defesa do Consumidor, Gutemberg Fonseca, assegurou que a presta\u00e7\u00e3o de servi\u00e7os precisa ser clara, transparente e objetiva. \u201cO consumidor tem o direito de saber o que est\u00e1 contratando. Assim, a rela\u00e7\u00e3o entre prestadores de servi\u00e7os e consumidores \u00e9 mais saud\u00e1vel \u201c, argumentou.<br>Enquanto n\u00e3o houver a adapta\u00e7\u00e3o, todos os ve\u00edculos dever\u00e3o circular com ar-condicionado ligado, sem cobran\u00e7a de valores extras diretamente ao consumidor, independente da categoria contratada. Nesse per\u00edodo, ser\u00e1 tolerada apenas a n\u00e3o utiliza\u00e7\u00e3o do equipamento quando esta for uma op\u00e7\u00e3o do passageiro.<br>O governo fluminense esclareceu ainda que os ve\u00edculos cujo aparelho de ar-condicionado n\u00e3o estiver funcionando dever\u00e3o ter a circula\u00e7\u00e3o suspensa pela plataforma de aplicativo. Os carros s\u00f3 poder\u00e3o voltar a circular mediante adequa\u00e7\u00e3o das informa\u00e7\u00f5es ao consumidor ou quando o equipamento j\u00e1 estiver dispon\u00edvel.<br>O descumprimento das determina\u00e7\u00f5es por parte das empresas fornecedoras implicar\u00e1 nas san\u00e7\u00f5es administrativas previstas no C\u00f3digo de Defesa do Consumidor. Os passageiros que se sentirem lesados podem efetuar reclama\u00e7\u00f5es diretamente \u00e0 Secretaria de Estado de Defesa do Consumidor pelo WhatsApp 21 99336-4848.<\/p>\n\n\n\n<p>Da Ag\u00eancia Brasil<\/p>\n","protected":false},"excerpt":{"rendered":"<p>Governo do estado publicou resolu\u00e7\u00e3o para evitar pagamento adicional O governo fluminense publicou nesta segunda-feira<\/p>\n","protected":false},"author":1,"featured_media":37902,"comment_status":"closed","ping_status":"open","sticky":false,"template":"","format":"standard","meta":{"spay_email":"","footnotes":"","jetpack_publicize_message":""},"categories":[9],"tags":[],"jetpack_featured_media_url":"https:\/\/i2.wp.com\/jornaldeitaipava.com.br\/wp-content\/uploads\/2024\/01\/transito.png?fit=1027%2C570&ssl=1","jetpack_publicize_connections":[],"jetpack_sharing_enabled":true,"jetpack_likes_enabled":true,"jetpack-related-posts":[],"_links":{"self":[{"href":"https:\/\/jornaldeitaipava.com.br\/index.php\/wp-json\/wp\/v2\/posts\/37900"}],"collection":[{"href":"https:\/\/jornaldeitaipava.com.br\/index.php\/wp-json\/wp\/v2\/posts"}],"about":[{"href":"https:\/\/jornaldeitaipava.com.br\/index.php\/wp-json\/wp\/v2\/types\/post"}],"author":[{"embeddable":true,"href":"https:\/\/jornaldeitaipava.com.br\/index.php\/wp-json\/wp\/v2\/users\/1"}],"replies":[{"embeddable":true,"href":"https:\/\/jornaldeitaipava.com.br\/index.php\/wp-json\/wp\/v2\/comments?post=37900"}],"version-history":[{"count":1,"href":"https:\/\/jornaldeitaipava.com.br\/index.php\/wp-json\/wp\/v2\/posts\/37900\/revisions"}],"predecessor-version":[{"id":37903,"href":"https:\/\/jornaldeitaipava.com.br\/index.php\/wp-json\/wp\/v2\/posts\/37900\/revisions\/37903"}],"wp:featuredmedia":[{"embeddable":true,"href":"https:\/\/jornaldeitaipava.com.br\/index.php\/wp-json\/wp\/v2\/media\/37902"}],"wp:attachment":[{"href":"https:\/\/jornaldeitaipava.com.br\/index.php\/wp-json\/wp\/v2\/media?parent=37900"}],"wp:term":[{"taxonomy":"category","embeddable":true,"href":"https:\/\/jornaldeitaipava.com.br\/index.php\/wp-json\/wp\/v2\/categories?post=37900"},{"taxonomy":"post_tag","embeddable":true,"href":"https:\/\/jornaldeitaipava.com.br\/index.php\/wp-json\/wp\/v2\/tags?post=37900"}],"curies":[{"name":"wp","href":"https:\/\/api.w.org\/{rel}","templated":true}]}}