{"id":37910,"date":"2024-01-09T18:58:35","date_gmt":"2024-01-09T21:58:35","guid":{"rendered":"http:\/\/jornaldeitaipava.com.br\/?p=37910"},"modified":"2024-01-09T18:58:38","modified_gmt":"2024-01-09T21:58:38","slug":"escola-tecnica-de-formacao-atores-abre-inscricoes-para-bolsao-saiba-como-concorrer","status":"publish","type":"post","link":"https:\/\/jornaldeitaipava.com.br\/index.php\/2024\/01\/09\/escola-tecnica-de-formacao-atores-abre-inscricoes-para-bolsao-saiba-como-concorrer\/","title":{"rendered":"ESCOLA T\u00c9CNICA DE FORMA\u00c7\u00c3O ATORES ABRE INSCRI\u00c7\u00d5ES PARA BOLS\u00c3O: SAIBA COMO CONCORRER"},"content":{"rendered":"\n<p> ITB disponibilizar\u00e1 descontos significativos de 30%, 50% e 100% para os candidatos selecionados O Instituto T\u00e9cnico do Brasil (ITB) anuncia a abertura das inscri\u00e7\u00f5es para mais um bols\u00e3o, oferecendo vinte vagas no renomado Curso T\u00e9cnico Profissionalizante em Forma\u00e7\u00e3o de Atores. A institui\u00e7\u00e3o, pioneira em Petr\u00f3polis ao introduzir essa habilita\u00e7\u00e3o, destaca que o curso culmina com a emiss\u00e3o do Registro Profissional de Ator (DRT). Com o intuito de proporcionar oportunidades acess\u00edveis, o ITB disponibilizar\u00e1 descontos significativos de 30%, 50% e 100% para os candidatos selecionados. As inscri\u00e7\u00f5es est\u00e3o abertas a partir desta ter\u00e7a-feira e seguem at\u00e9 o dia 31 de janeiro.  Podem participar do processo seletivo interessados com ou sem experi\u00eancia em arte dram\u00e1tica, contanto que estejam cursando ou tenham conclu\u00eddo o Ensino M\u00e9dio. As vagas s\u00e3o destinadas a maiores de 17 anos, ampliando as possibilidades para aqueles que buscam ingressar no universo da atua\u00e7\u00e3o. A inscri\u00e7\u00e3o \u00e9 simplificada e deve ser realizada exclusivamente pelo e-mail matriculasitb@gmail.com, contendo as informa\u00e7\u00f5es essenciais do candidato, como nome completo, endere\u00e7o e telefone. \u00c9 importante ressaltar que n\u00e3o \u00e9 necess\u00e1rio enviar portf\u00f3lio ou qualquer material de teste. A prova de sele\u00e7\u00e3o est\u00e1 marcada para o dia 04 de fevereiro (domingo), \u00e0s 10h, na sede do ITB, localizada na Rua Floriano Peixoto n\u00ba 110 \u2013 Centro. Os candidatos ter\u00e3o a oportunidade de demonstrar seu potencial e habilidades, visando conquistar uma das cobi\u00e7adas vagas no curso de forma\u00e7\u00e3o de atores. O ITB reitera seu compromisso com a forma\u00e7\u00e3o de profissionais qualificados no campo da interpreta\u00e7\u00e3o teatral e convida todos os interessados a participarem deste processo seletivo que pode ser o ponto de partida para uma promissora carreira no mundo das artes c\u00eanicas.<\/p>\n","protected":false},"excerpt":{"rendered":"<p>ITB disponibilizar\u00e1 descontos significativos de 30%, 50% e 100% para os candidatos selecionados O Instituto<\/p>\n","protected":false},"author":1,"featured_media":37911,"comment_status":"closed","ping_status":"open","sticky":false,"template":"","format":"standard","meta":{"spay_email":"","footnotes":"","jetpack_publicize_message":""},"categories":[1],"tags":[],"jetpack_featured_media_url":"https:\/\/i0.wp.com\/jornaldeitaipava.com.br\/wp-content\/uploads\/2024\/01\/WhatsApp-Image-2024-01-09-at-18.40.33.jpeg?fit=1024%2C859&ssl=1","jetpack_publicize_connections":[],"jetpack_sharing_enabled":true,"jetpack_likes_enabled":true,"jetpack-related-posts":[],"_links":{"self":[{"href":"https:\/\/jornaldeitaipava.com.br\/index.php\/wp-json\/wp\/v2\/posts\/37910"}],"collection":[{"href":"https:\/\/jornaldeitaipava.com.br\/index.php\/wp-json\/wp\/v2\/posts"}],"about":[{"href":"https:\/\/jornaldeitaipava.com.br\/index.php\/wp-json\/wp\/v2\/types\/post"}],"author":[{"embeddable":true,"href":"https:\/\/jornaldeitaipava.com.br\/index.php\/wp-json\/wp\/v2\/users\/1"}],"replies":[{"embeddable":true,"href":"https:\/\/jornaldeitaipava.com.br\/index.php\/wp-json\/wp\/v2\/comments?post=37910"}],"version-history":[{"count":1,"href":"https:\/\/jornaldeitaipava.com.br\/index.php\/wp-json\/wp\/v2\/posts\/37910\/revisions"}],"predecessor-version":[{"id":37912,"href":"https:\/\/jornaldeitaipava.com.br\/index.php\/wp-json\/wp\/v2\/posts\/37910\/revisions\/37912"}],"wp:featuredmedia":[{"embeddable":true,"href":"https:\/\/jornaldeitaipava.com.br\/index.php\/wp-json\/wp\/v2\/media\/37911"}],"wp:attachment":[{"href":"https:\/\/jornaldeitaipava.com.br\/index.php\/wp-json\/wp\/v2\/media?parent=37910"}],"wp:term":[{"taxonomy":"category","embeddable":true,"href":"https:\/\/jornaldeitaipava.com.br\/index.php\/wp-json\/wp\/v2\/categories?post=37910"},{"taxonomy":"post_tag","embeddable":true,"href":"https:\/\/jornaldeitaipava.com.br\/index.php\/wp-json\/wp\/v2\/tags?post=37910"}],"curies":[{"name":"wp","href":"https:\/\/api.w.org\/{rel}","templated":true}]}}