{"id":37913,"date":"2024-01-09T19:02:03","date_gmt":"2024-01-09T22:02:03","guid":{"rendered":"http:\/\/jornaldeitaipava.com.br\/?p=37913"},"modified":"2024-01-09T19:02:22","modified_gmt":"2024-01-09T22:02:22","slug":"8-anos-de-deguste-musica-cerveja-e-gastronomia-na-praca-da-aguia","status":"publish","type":"post","link":"https:\/\/jornaldeitaipava.com.br\/index.php\/2024\/01\/09\/8-anos-de-deguste-musica-cerveja-e-gastronomia-na-praca-da-aguia\/","title":{"rendered":"8 anos de Deguste: m\u00fasica, cerveja e gastronomia na Pra\u00e7a da \u00c1guia"},"content":{"rendered":"\n<p>Destaque no setor de evento, a feira mais atrativa do munic\u00edpio promete encantar visitantes em 2024<br>A Deguste, feira de cerveja artesanal que atrai turistas de todo o pa\u00eds, completa oito anos em 2024 e, para comemorar a consolida\u00e7\u00e3o da feira no setor de eventos, uma programa\u00e7\u00e3o especial foi preparada para a edi\u00e7\u00e3o de janeiro, nos dias 12 e 13, com apresenta\u00e7\u00f5es musicais especiais, al\u00e9m das tradicionais cervejas e destaques gastron\u00f4micos que fazem da Deguste um sucesso no calend\u00e1rio tur\u00edstico de Petr\u00f3polis.<br>\u201cS\u00e3o oito anos de muito trabalho, mas, tamb\u00e9m, de muita satisfa\u00e7\u00e3o. As marcas lan\u00e7adas na Deguste hoje est\u00e3o consolidadas, fortalecendo a gera\u00e7\u00e3o de empregos e o setor de eventos da nossa cidade, que tem, no turismo, um importante destaque no fomento econ\u00f4mico. Vale a pena conferir a programa\u00e7\u00e3o de janeiro, que promete conquistar ainda mais visitantes\u201d, afirma o idealizador da Deguste, Rodrigo Duarte.<br>Um dos destaques da edi\u00e7\u00e3o ser\u00e1 a \u201cDeguste Celebration\u201d, com participa\u00e7\u00e3o especial do Gus Monsanto, que se apresentar\u00e1 com m\u00fasicos importantes do cen\u00e1rio musical como Gargamel, Percy, Berner e M\u00e1rcio Chicralla.<br>&#8220;A Deguste \u00e9 o evento mais tradicional entre os cervejeiros da nossa cidade. O rock faz parte dessa cultura, andando de m\u00e3os dadas. Me sinto honrado em ter sido chamado para representar o rock e a m\u00fasica petropolitana nessa edi\u00e7\u00e3o especial\u00edssima, comemorando o oitavo anivers\u00e1rio da Deguste, um belo marco de um sucesso merecido da feira&#8221;, afirma Gustavo Monsanto.<br>Sobre o show especial, Deguste Celebration &#8211; Gus Monsanto Convida, ser\u00e1 um palco democr\u00e1tico. \u201cContaremos com uma banda base, que contar\u00e1 com Percy e Gargamel (guitarras), M\u00e1rcio Chicralla (baixo) e Marcelo Berner (bateria), al\u00e9m de alguns convidados especiais. Vamos tocar Black Sabbath, Iron Maiden, Van Halen, somados a outros sons que fazem parte dos maiores cl\u00e1ssicos do rock, que venho apresentando com \u00eaxito h\u00e1 um tempo. Carregar a bandeira do rock sempre me deixa realizado\u201d, completa Gus Monsanto.<br>Vale destacar que Gus Monsanto canta, toca e grava profissionalmente desde os 16 anos. Em atividade como um cantor de rock requisitado mundialmente, Gus tem feito tours e grava\u00e7\u00f5es pelo mundo todo durante os \u00faltimos 20 anos: Am\u00e9ricas, Europa e \u00c1frica, dividindo o palco com nomes do quilate de Robert Plant e Whitesnake, entre muitos outros, a frente de bandas como Adagio (Fran\u00e7a) e Revolution Renaissance (Finl\u00e2ndia). Combinando seus talentos como cantor, produtor e m\u00fasico, Gus participou de mais de 30 CDs, com mais obras a caminho. Agora em 2024, Gus apresentar\u00e1 \u201cDandelions\u201d, seu segundo \u00e1lbum como um artista solo. Revisitando uma riqueza de influ\u00eancias, de Beatles ao rock moderno, do peso do rock \u00e0 delicadeza ac\u00fastica, muitos lados de sua personalidade musical comp\u00f5em este caleidosc\u00f3pio musical.<\/p>\n\n\n\n<p><strong>Deguste prepara novidades<br><\/strong>Para a produtora da Deguste, Gabrielle Rosendo, a primeira edi\u00e7\u00e3o de 2024 ser\u00e1 uma amostra das novidades que a feira vai apresentar neste novo ano.<br>\u201cToda a programa\u00e7\u00e3o \u00e9 preparada com muito carinho, levando em considera\u00e7\u00e3o os pedidos do p\u00fablico e dos nossos parceiros. O ano est\u00e1 apenas come\u00e7ando e prometemos ainda muitas surpresas para 2024\u201d, contou.<\/p>\n\n\n\n<p><strong>Confira a programa\u00e7\u00e3o da Deguste:<br><\/strong>No dia 12, sexta-feira, a partir das 18h e no dia 13 de janeiro, s\u00e1bado, a partir das 11h, a Deguste apresentar\u00e1 uma programa\u00e7\u00e3o especial para o p\u00fablico, com destaque para grandes talentos da m\u00fasica petropolitana. Confira:<\/p>\n\n\n\n<p><br><strong>Sexta &#8211; 12 de janeiro<br><\/strong>20h30 &#8211; Banda Tokaia<\/p>\n\n\n\n<p><strong>S\u00e1bado &#8211; 13 de janeiro<br><\/strong>15h &#8211; Maristela<br>18h &#8211; Guido Martini<br>20h30 &#8211; Deguste Celebration: Gus Monsanto convida Gargamel, Percy, Berner, M\u00e1rcio Chicralla e outros.<\/p>\n","protected":false},"excerpt":{"rendered":"<p>Destaque no setor de evento, a feira mais atrativa do munic\u00edpio promete encantar visitantes em<\/p>\n","protected":false},"author":1,"featured_media":37914,"comment_status":"closed","ping_status":"open","sticky":false,"template":"","format":"standard","meta":{"spay_email":"","footnotes":"","jetpack_publicize_message":""},"categories":[42],"tags":[],"jetpack_featured_media_url":"https:\/\/i1.wp.com\/jornaldeitaipava.com.br\/wp-content\/uploads\/2024\/01\/credito_Luis_Eduardo_Nogueira.jpeg?fit=1080%2C720&ssl=1","jetpack_publicize_connections":[],"jetpack_sharing_enabled":true,"jetpack_likes_enabled":true,"jetpack-related-posts":[],"_links":{"self":[{"href":"https:\/\/jornaldeitaipava.com.br\/index.php\/wp-json\/wp\/v2\/posts\/37913"}],"collection":[{"href":"https:\/\/jornaldeitaipava.com.br\/index.php\/wp-json\/wp\/v2\/posts"}],"about":[{"href":"https:\/\/jornaldeitaipava.com.br\/index.php\/wp-json\/wp\/v2\/types\/post"}],"author":[{"embeddable":true,"href":"https:\/\/jornaldeitaipava.com.br\/index.php\/wp-json\/wp\/v2\/users\/1"}],"replies":[{"embeddable":true,"href":"https:\/\/jornaldeitaipava.com.br\/index.php\/wp-json\/wp\/v2\/comments?post=37913"}],"version-history":[{"count":2,"href":"https:\/\/jornaldeitaipava.com.br\/index.php\/wp-json\/wp\/v2\/posts\/37913\/revisions"}],"predecessor-version":[{"id":37916,"href":"https:\/\/jornaldeitaipava.com.br\/index.php\/wp-json\/wp\/v2\/posts\/37913\/revisions\/37916"}],"wp:featuredmedia":[{"embeddable":true,"href":"https:\/\/jornaldeitaipava.com.br\/index.php\/wp-json\/wp\/v2\/media\/37914"}],"wp:attachment":[{"href":"https:\/\/jornaldeitaipava.com.br\/index.php\/wp-json\/wp\/v2\/media?parent=37913"}],"wp:term":[{"taxonomy":"category","embeddable":true,"href":"https:\/\/jornaldeitaipava.com.br\/index.php\/wp-json\/wp\/v2\/categories?post=37913"},{"taxonomy":"post_tag","embeddable":true,"href":"https:\/\/jornaldeitaipava.com.br\/index.php\/wp-json\/wp\/v2\/tags?post=37913"}],"curies":[{"name":"wp","href":"https:\/\/api.w.org\/{rel}","templated":true}]}}