{"id":37917,"date":"2024-01-09T19:09:51","date_gmt":"2024-01-09T22:09:51","guid":{"rendered":"http:\/\/jornaldeitaipava.com.br\/?p=37917"},"modified":"2024-01-09T19:09:54","modified_gmt":"2024-01-09T22:09:54","slug":"mudancas-climaticas-preocupam-o-mundo-e-influenciam-debates-sobre-o-meio-ambiente","status":"publish","type":"post","link":"https:\/\/jornaldeitaipava.com.br\/index.php\/2024\/01\/09\/mudancas-climaticas-preocupam-o-mundo-e-influenciam-debates-sobre-o-meio-ambiente\/","title":{"rendered":"Mudan\u00e7as clim\u00e1ticas preocupam o mundo e influenciam debates sobre o meio ambiente"},"content":{"rendered":"\n<p>Em meio \u00e0s ondas recordes de calor, a Est\u00e1cio lan\u00e7a gratuitamente o curso de Introdu\u00e7\u00e3o \u00e0 Educa\u00e7\u00e3o Ambiental para incentivar as discuss\u00f5es sobre as altera\u00e7\u00f5es clim\u00e1ticas mundiais<br>O Brasil enfrenta desafios cada vez mais evidentes no que se refere \u00e0s mudan\u00e7as clim\u00e1ticas. A regi\u00e3o norte do pa\u00eds, conhecida por suas florestas tropicais e enormes rios, agora est\u00e1 sob os holofotes devido a uma seca persistente que tem impactos profundos. Os rios amaz\u00f4nicos, vitais para a biodiversidade e as comunidades locais, est\u00e3o sofrendo n\u00edveis alarmantes de baixa de \u00e1gua. A seca na regi\u00e3o est\u00e1 relacionada a diversos fatores como: El Ni\u00f1o, aquecimento global e degrada\u00e7\u00e3o da Amaz\u00f4nia. Inclusive, esse aumento nas temperaturas, al\u00e9m de prejudicar a vida aqu\u00e1tica, tem impactos significativos na agricultura e nas comunidades que dependem dos recursos naturais da Amaz\u00f4nia.<br>O engenheiro ambiental e professor da Est\u00e1cio, Robson Costa, explica sobre o fen\u00f4meno que est\u00e1 acontecendo nesse per\u00edodo. \u201cO que vem ocorrendo na Regi\u00e3o Norte do pa\u00eds s\u00e3o as consequ\u00eancias nefastas da m\u00e1 gest\u00e3o ambiental mundial. Uma das raz\u00f5es discutidas para este fato \u00e9 devido ao aquecimento das \u00e1guas do oceano Atl\u00e2ntico. Esta diferen\u00e7a de calor, faz com que camadas de ar atmosf\u00e9rico, criem \u2018barreiras\u2019 para a forma\u00e7\u00f5es de nuvens de chuvas na Regi\u00e3o Norte, e consequentemente, aumentando a seca nestes importantes rios. Al\u00e9m disso, as queimadas e fen\u00f4menos como o El Ni\u00f1o, contribuem para este quadro alarmante\u201d, diz o professor.<br>A situa\u00e7\u00e3o serve como um alerta crucial de que o Brasil e o mundo precisam agir com urg\u00eancia para combater as mudan\u00e7as clim\u00e1ticas. Para enfrentar esses desafios, ser\u00e1 necess\u00e1rio um esfor\u00e7o coordenado que envolva a mitiga\u00e7\u00e3o das emiss\u00f5es de gases de efeito estufa e a prote\u00e7\u00e3o cont\u00ednua das florestas tropicais, sendo n\u00e3o apenas uma preocupa\u00e7\u00e3o ambiental, mas tamb\u00e9m uma necessidade econ\u00f4mica e social para o Brasil.<br>O El Ni\u00f1o desempenha um papel significativo na cria\u00e7\u00e3o de condi\u00e7\u00f5es para a seca na regi\u00e3o, visto que o fen\u00f4meno pode intensificar a seca na Amaz\u00f4nia devido \u00e0s mudan\u00e7as nos padr\u00f5es clim\u00e1ticos. Durante um El Ni\u00f1o, as \u00e1guas do Oceano Pac\u00edfico aquecem, o que altera os padr\u00f5es de vento e precipita\u00e7\u00e3o. Isso pode resultar em uma redu\u00e7\u00e3o das chuvas na regi\u00e3o amaz\u00f4nica, tornando o clima mais seco. A seca, por sua vez, pode contribuir para o aumento do desmatamento e inc\u00eandios florestais, j\u00e1 que a vegeta\u00e7\u00e3o fica mais vulner\u00e1vel. Al\u00e9m disso, a diminui\u00e7\u00e3o das chuvas pode impactar a biodiversidade, afetando a vida vegetal e animal na Amaz\u00f4nia.<br>\u201cDe um lado, h\u00e1 o El Ni\u00f1o, que aumenta a temperatura das \u00e1guas do Oceano Pac\u00edfico Equatorial. Esse fen\u00f4meno altera os padr\u00f5es de ventos, umidade, temperatura e chuvas, em particular em regi\u00f5es tropicais. No Brasil, traduz-se em menos chuvas e aumento das temperaturas em parte das regi\u00f5es Norte e Nordeste. Do outro lado do continente, h\u00e1 o aquecimento do Atl\u00e2ntico Tropical Norte, que fica logo acima da linha do Equador e inibe a forma\u00e7\u00e3o de nuvens, reduzindo o volume de chuvas na Amaz\u00f4nia. Esse fen\u00f4meno n\u00e3o \u00e9 c\u00edclico e \u00e9 o elemento surpresa. Ele est\u00e1 piorando as consequ\u00eancias do El Ni\u00f1o\u201d, diz a Debora Rodrigues Barbosa, ge\u00f3grafa e professora da Est\u00e1cio.<br>Com o objetivo de trazer mais informa\u00e7\u00f5es sobre a quest\u00e3o ambiental, ecossistemas, sustentabilidade, mudan\u00e7as clim\u00e1ticas e gest\u00e3o de recursos naturais, a Est\u00e1cio lan\u00e7ou o curso totalmente gratuito e on-line chamado \u201cIntrodu\u00e7\u00e3o \u00e0 Educa\u00e7\u00e3o Ambiental\u201d, no qual o aluno consegue ter um entendimento maior do que est\u00e1 sendo debatido hoje no mundo. Ao final do curso, os alunos tamb\u00e9m ir\u00e3o receber um certificado de conclus\u00e3o que ser\u00e1 importante para qualifica\u00e7\u00e3o do curr\u00edculo no mercado de trabalho.<br>Para se aprofundar em temas como esse, a Est\u00e1cio tamb\u00e9m disponibiliza outros cursos com a mesma tem\u00e1tica e pre\u00e7os acess\u00edveis como: Planejamento e Gest\u00e3o de Projetos de Meio Ambiente, Energias Limpas e Alternativas no Brasil, Per\u00edcia Ambiental, Avalia\u00e7\u00e3o de Impactos em Sistemas de Tratamento de Efluentes, Gerenciamento de Res\u00edduos S\u00f3lidos, Constru\u00e7\u00e3o Sustent\u00e1vel, Gest\u00e3o de Res\u00edduos, Ecologia Aplicada, entre outros. Basta acessar o site.<\/p>\n","protected":false},"excerpt":{"rendered":"<p>Em meio \u00e0s ondas recordes de calor, a Est\u00e1cio lan\u00e7a gratuitamente o curso de Introdu\u00e7\u00e3o<\/p>\n","protected":false},"author":1,"featured_media":37918,"comment_status":"closed","ping_status":"open","sticky":false,"template":"","format":"standard","meta":{"spay_email":"","footnotes":"","jetpack_publicize_message":""},"categories":[2],"tags":[],"jetpack_featured_media_url":"https:\/\/i0.wp.com\/jornaldeitaipava.com.br\/wp-content\/uploads\/2024\/01\/Imagem-de-freepik-1-scaled.jpeg?fit=2560%2C1702&ssl=1","jetpack_publicize_connections":[],"jetpack_sharing_enabled":true,"jetpack_likes_enabled":true,"jetpack-related-posts":[],"_links":{"self":[{"href":"https:\/\/jornaldeitaipava.com.br\/index.php\/wp-json\/wp\/v2\/posts\/37917"}],"collection":[{"href":"https:\/\/jornaldeitaipava.com.br\/index.php\/wp-json\/wp\/v2\/posts"}],"about":[{"href":"https:\/\/jornaldeitaipava.com.br\/index.php\/wp-json\/wp\/v2\/types\/post"}],"author":[{"embeddable":true,"href":"https:\/\/jornaldeitaipava.com.br\/index.php\/wp-json\/wp\/v2\/users\/1"}],"replies":[{"embeddable":true,"href":"https:\/\/jornaldeitaipava.com.br\/index.php\/wp-json\/wp\/v2\/comments?post=37917"}],"version-history":[{"count":1,"href":"https:\/\/jornaldeitaipava.com.br\/index.php\/wp-json\/wp\/v2\/posts\/37917\/revisions"}],"predecessor-version":[{"id":37919,"href":"https:\/\/jornaldeitaipava.com.br\/index.php\/wp-json\/wp\/v2\/posts\/37917\/revisions\/37919"}],"wp:featuredmedia":[{"embeddable":true,"href":"https:\/\/jornaldeitaipava.com.br\/index.php\/wp-json\/wp\/v2\/media\/37918"}],"wp:attachment":[{"href":"https:\/\/jornaldeitaipava.com.br\/index.php\/wp-json\/wp\/v2\/media?parent=37917"}],"wp:term":[{"taxonomy":"category","embeddable":true,"href":"https:\/\/jornaldeitaipava.com.br\/index.php\/wp-json\/wp\/v2\/categories?post=37917"},{"taxonomy":"post_tag","embeddable":true,"href":"https:\/\/jornaldeitaipava.com.br\/index.php\/wp-json\/wp\/v2\/tags?post=37917"}],"curies":[{"name":"wp","href":"https:\/\/api.w.org\/{rel}","templated":true}]}}