{"id":38000,"date":"2024-01-18T17:50:34","date_gmt":"2024-01-18T20:50:34","guid":{"rendered":"http:\/\/jornaldeitaipava.com.br\/?p=38000"},"modified":"2024-01-18T17:50:36","modified_gmt":"2024-01-18T20:50:36","slug":"prefeitura-de-cabo-frio-monta-esquema-especial-de-transito-e-fiscalizacao-para-o-cabofolia-2024","status":"publish","type":"post","link":"https:\/\/jornaldeitaipava.com.br\/index.php\/2024\/01\/18\/prefeitura-de-cabo-frio-monta-esquema-especial-de-transito-e-fiscalizacao-para-o-cabofolia-2024\/","title":{"rendered":"Prefeitura de Cabo Frio monta esquema especial de tr\u00e2nsito e fiscaliza\u00e7\u00e3o para o Cabofolia 2024"},"content":{"rendered":"\n<p class=\"has-text-align-center\"><em><strong>Evento come\u00e7a nesta quinta-feira (18) e, al\u00e9m das altera\u00e7\u00f5es no tr\u00e2nsito, a\u00e7\u00f5es de conscientiza\u00e7\u00e3o e direitos da mulher acontecem na entrada do evento<\/strong><\/em><\/p>\n\n\n\n<p>Para garantir a seguran\u00e7a e o ordenamento do entorno do Espa\u00e7o de Eventos, onde acontece o Cabofolia 2024, a Prefeitura de Cabo Frio organizou esquema especial de tr\u00e2nsito, fiscaliza\u00e7\u00e3o e tamb\u00e9m conscientiza\u00e7\u00e3o. A micareta come\u00e7a nesta quinta (18) e vai at\u00e9 s\u00e1bado (20).<\/p>\n\n\n\n<p>Em todo o entorno do evento, a Guarda Civil Municipal vai atuar no ordenamento e fiscaliza\u00e7\u00e3o do tr\u00e2nsito, todos os dias, com efetivo de 20 homens, quatro viaturas e dois reboques. Al\u00e9m disso, os grupamentos da Lei Maria da Penha, Tr\u00e2nsito, Ronda Municipal (ROMU) e Fiscaliza\u00e7\u00e3o de Transporte estar\u00e3o \u00e0 disposi\u00e7\u00e3o dos foli\u00f5es.<\/p>\n\n\n\n<p>Os motoristas devem ficar atentos \u00e0s altera\u00e7\u00f5es no tr\u00e2nsito, coordenadas pela Secretaria Municipal de Mobilidade Urbana. A Rua Los Angeles, no Jardim Olinda, vai ficar totalmente fechada para circula\u00e7\u00e3o e estacionamento de ve\u00edculos. A interdi\u00e7\u00e3o come\u00e7a hoje (quinta\/18), \u00e0s 17h, e segue at\u00e9 o dia 21 de janeiro, \u00e0s 8h. A rua fica localizada atr\u00e1s do Posto Ipiranga. Durante o evento, a via vai funcionar como ponto para vendedores ambulantes credenciados.<\/p>\n\n\n\n<p>A Coordenadoria Geral de Direitos Humanos (COGEDIH) tamb\u00e9m vai atuar no evento com tendas do projeto \u201cCabo Frio Mais Seguro para as Mulheres\u201d, onde vai acontecer a\u00e7\u00f5es voltadas para o p\u00fablico feminino, de conscientiza\u00e7\u00e3o, panfletagem e vouchers sobre o \u201cProtocolo: N\u00e3o \u00c9 N\u00e3o\u201d.<\/p>\n\n\n\n<p>A a\u00e7\u00e3o \u00e9 uma parceria entre a Superintend\u00eancia da Mulher (SUDIM), Secretaria Municipal de Seguran\u00e7a e Direitos Humanos e Secretaria Municipal de Assist\u00eancia Social (SEMAS).<\/p>\n\n\n\n<p>A campanha faz parte do Brasil Sem Misoginia para o Carnaval, implementado pela Lei Federal n\u00ba 14.786\/2023, e tem como objetivo prevenir o constrangimento e a viol\u00eancia contra as mulheres. Segundo a lei, as mulheres t\u00eam o direito de fazerem suas pr\u00f3prias escolhas e de nunca se calarem diante da viol\u00eancia.<\/p>\n\n\n\n<p>Qualquer den\u00fancia de viol\u00eancia contra \u00e0 mulher, disque 180 (Central de Atendimento \u00e0 Mulher); 190 (Pol\u00edcia Militar) e 154 (Guarda Civil Municipal).<\/p>\n","protected":false},"excerpt":{"rendered":"<p>Evento come\u00e7a nesta quinta-feira (18) e, al\u00e9m das altera\u00e7\u00f5es no tr\u00e2nsito, a\u00e7\u00f5es de conscientiza\u00e7\u00e3o e<\/p>\n","protected":false},"author":1,"featured_media":38001,"comment_status":"closed","ping_status":"open","sticky":false,"template":"","format":"standard","meta":{"spay_email":"","footnotes":"","jetpack_publicize_message":""},"categories":[5],"tags":[],"jetpack_featured_media_url":"https:\/\/i2.wp.com\/jornaldeitaipava.com.br\/wp-content\/uploads\/2024\/01\/geralzonaCaboFolia.jpg?fit=620%2C465&ssl=1","jetpack_publicize_connections":[],"jetpack_sharing_enabled":true,"jetpack_likes_enabled":true,"jetpack-related-posts":[],"_links":{"self":[{"href":"https:\/\/jornaldeitaipava.com.br\/index.php\/wp-json\/wp\/v2\/posts\/38000"}],"collection":[{"href":"https:\/\/jornaldeitaipava.com.br\/index.php\/wp-json\/wp\/v2\/posts"}],"about":[{"href":"https:\/\/jornaldeitaipava.com.br\/index.php\/wp-json\/wp\/v2\/types\/post"}],"author":[{"embeddable":true,"href":"https:\/\/jornaldeitaipava.com.br\/index.php\/wp-json\/wp\/v2\/users\/1"}],"replies":[{"embeddable":true,"href":"https:\/\/jornaldeitaipava.com.br\/index.php\/wp-json\/wp\/v2\/comments?post=38000"}],"version-history":[{"count":1,"href":"https:\/\/jornaldeitaipava.com.br\/index.php\/wp-json\/wp\/v2\/posts\/38000\/revisions"}],"predecessor-version":[{"id":38002,"href":"https:\/\/jornaldeitaipava.com.br\/index.php\/wp-json\/wp\/v2\/posts\/38000\/revisions\/38002"}],"wp:featuredmedia":[{"embeddable":true,"href":"https:\/\/jornaldeitaipava.com.br\/index.php\/wp-json\/wp\/v2\/media\/38001"}],"wp:attachment":[{"href":"https:\/\/jornaldeitaipava.com.br\/index.php\/wp-json\/wp\/v2\/media?parent=38000"}],"wp:term":[{"taxonomy":"category","embeddable":true,"href":"https:\/\/jornaldeitaipava.com.br\/index.php\/wp-json\/wp\/v2\/categories?post=38000"},{"taxonomy":"post_tag","embeddable":true,"href":"https:\/\/jornaldeitaipava.com.br\/index.php\/wp-json\/wp\/v2\/tags?post=38000"}],"curies":[{"name":"wp","href":"https:\/\/api.w.org\/{rel}","templated":true}]}}