{"id":38005,"date":"2024-01-23T12:14:28","date_gmt":"2024-01-23T15:14:28","guid":{"rendered":"http:\/\/jornaldeitaipava.com.br\/?p=38005"},"modified":"2024-01-23T12:14:32","modified_gmt":"2024-01-23T15:14:32","slug":"sessoes-plenarias-retornam-nesta-terca-feira-de-forma-hibrida","status":"publish","type":"post","link":"https:\/\/jornaldeitaipava.com.br\/index.php\/2024\/01\/23\/sessoes-plenarias-retornam-nesta-terca-feira-de-forma-hibrida\/","title":{"rendered":"Sess\u00f5es plen\u00e1rias retornam nesta ter\u00e7a-feira de forma h\u00edbrida"},"content":{"rendered":"\n<p>Ap\u00f3s recesso, as sess\u00f5es plen\u00e1rias da C\u00e2mara Municipal de Petr\u00f3polis retornam amanh\u00e3 (23) a partir das 14h, no Pal\u00e1cio Amarelo, e ser\u00e3o feitas de forma h\u00edbrida (com a presen\u00e7a do presidente da casa e secret\u00e1rio), por conta da obra realizada no telhado do pr\u00e9dio hist\u00f3rico. No momento, parte do plen\u00e1rio tamb\u00e9m est\u00e1 sendo restaurada, sendo restrita a circula\u00e7\u00e3o de pessoas e autorizada a participa\u00e7\u00e3o remota dos parlamentares.<\/p>\n","protected":false},"excerpt":{"rendered":"<p>Ap\u00f3s recesso, as sess\u00f5es plen\u00e1rias da C\u00e2mara Municipal de Petr\u00f3polis retornam amanh\u00e3 (23) a partir<\/p>\n","protected":false},"author":1,"featured_media":5077,"comment_status":"closed","ping_status":"open","sticky":false,"template":"","format":"standard","meta":{"spay_email":"","footnotes":"","jetpack_publicize_message":""},"categories":[2],"tags":[],"jetpack_featured_media_url":"https:\/\/i2.wp.com\/jornaldeitaipava.com.br\/wp-content\/uploads\/2020\/11\/camara.jpg?fit=275%2C183&ssl=1","jetpack_publicize_connections":[],"jetpack_sharing_enabled":true,"jetpack_likes_enabled":true,"jetpack-related-posts":[],"_links":{"self":[{"href":"https:\/\/jornaldeitaipava.com.br\/index.php\/wp-json\/wp\/v2\/posts\/38005"}],"collection":[{"href":"https:\/\/jornaldeitaipava.com.br\/index.php\/wp-json\/wp\/v2\/posts"}],"about":[{"href":"https:\/\/jornaldeitaipava.com.br\/index.php\/wp-json\/wp\/v2\/types\/post"}],"author":[{"embeddable":true,"href":"https:\/\/jornaldeitaipava.com.br\/index.php\/wp-json\/wp\/v2\/users\/1"}],"replies":[{"embeddable":true,"href":"https:\/\/jornaldeitaipava.com.br\/index.php\/wp-json\/wp\/v2\/comments?post=38005"}],"version-history":[{"count":1,"href":"https:\/\/jornaldeitaipava.com.br\/index.php\/wp-json\/wp\/v2\/posts\/38005\/revisions"}],"predecessor-version":[{"id":38006,"href":"https:\/\/jornaldeitaipava.com.br\/index.php\/wp-json\/wp\/v2\/posts\/38005\/revisions\/38006"}],"wp:featuredmedia":[{"embeddable":true,"href":"https:\/\/jornaldeitaipava.com.br\/index.php\/wp-json\/wp\/v2\/media\/5077"}],"wp:attachment":[{"href":"https:\/\/jornaldeitaipava.com.br\/index.php\/wp-json\/wp\/v2\/media?parent=38005"}],"wp:term":[{"taxonomy":"category","embeddable":true,"href":"https:\/\/jornaldeitaipava.com.br\/index.php\/wp-json\/wp\/v2\/categories?post=38005"},{"taxonomy":"post_tag","embeddable":true,"href":"https:\/\/jornaldeitaipava.com.br\/index.php\/wp-json\/wp\/v2\/tags?post=38005"}],"curies":[{"name":"wp","href":"https:\/\/api.w.org\/{rel}","templated":true}]}}