{"id":38010,"date":"2024-01-23T12:17:46","date_gmt":"2024-01-23T15:17:46","guid":{"rendered":"http:\/\/jornaldeitaipava.com.br\/?p=38010"},"modified":"2024-01-23T12:17:48","modified_gmt":"2024-01-23T15:17:48","slug":"estudantes-da-rede-municipal-de-ensino-receberam-bolsas-de-estudo","status":"publish","type":"post","link":"https:\/\/jornaldeitaipava.com.br\/index.php\/2024\/01\/23\/estudantes-da-rede-municipal-de-ensino-receberam-bolsas-de-estudo\/","title":{"rendered":"Estudantes da rede municipal de ensino receberam bolsas de estudo"},"content":{"rendered":"\n<p>Iniciativa \u00e9 da Prefeitura, por meio do programa municipal Todos pela Educa\u00e7\u00e3o<br>Vinte e oito alunos e alunas da rede municipal de ensino receberam bolsas de estudo para o Ensino M\u00e9dio oferecidas pela Prefeitura, por meio do programa municipal Todos pela Educa\u00e7\u00e3o. As bolsas s\u00e3o para cinco escolas da rede particular e a apresenta\u00e7\u00e3o dos estudantes contemplados foi divulgada em solenidade na segunda-feira (22), na Casa da Educa\u00e7\u00e3o Visconde de Mau\u00e1.<br>O programa estava parado desde 2018 e foi retomado no ano passado. \u201cCriamos esse programa em 2007 como forma de estimular nossos adolescentes a continuarem estudando. Combater a evas\u00e3o escolar \u00e9 um compromisso e um desafio, programas assim s\u00e3o importantes\u201d, disse o prefeito Rubens Bomtempo.<br>Para as fam\u00edlias, o programa incentiva os adolescentes a continuarem estudando. \u201cEu estou muito orgulhosa e contente com essa iniciativa da Prefeitura de Petr\u00f3polis\u201d, disse M\u00f4nica de Oliveira, 43 anos, m\u00e3e da Isadora Oliveira Vieira, de 14 anos, que era estudante do Liceu Municipal Prefeito Cordolino Ambr\u00f3sio. \u201cCom este tipo de iniciativa, os alunos se empenham no estudo. E eu tenho muito orgulho como m\u00e3e do Henrique, seria muito mais dif\u00edcil de continuar e ter for\u00e7as para estudar\u201d, disse Ana Paula Papoula, 38 anos, m\u00e3e do Henrique Papoula Silva, de 15 anos, que era estudante da Escola Santa Maria Goretti.<br>O desempenho dos alunos e alunas do sexto ao nono ano do Ensino Fundamental e a frequ\u00eancia s\u00e3o os crit\u00e9rios para conseguirem as bolsas. \u201cEstamos muito felizes de poder entregar essas bolsas. \u00c9 um programa criado pelo prefeito Rubens Bomtempo em 2007 e retomado nesta gest\u00e3o\u201d, ressaltou a secret\u00e1ria de Educa\u00e7\u00e3o, Adriana de Paula.<br>O programa Todos Pela Educa\u00e7\u00e3o foi criado pela Lei Municipal n\u00famero 641\/06 e oferece bolsas de estudo de 100% para os alunos que completaram o Ensino Fundamental. As escolas da rede privada que ofertaram as bolsas s\u00e3o: Apogeu Koeler, F\u00eanix, Din\u00e2mico e Col\u00e9gio Imperador.<\/p>\n","protected":false},"excerpt":{"rendered":"<p>Iniciativa \u00e9 da Prefeitura, por meio do programa municipal Todos pela Educa\u00e7\u00e3oVinte e oito alunos<\/p>\n","protected":false},"author":1,"featured_media":38011,"comment_status":"closed","ping_status":"open","sticky":false,"template":"","format":"standard","meta":{"spay_email":"","footnotes":"","jetpack_publicize_message":""},"categories":[24],"tags":[],"jetpack_featured_media_url":"https:\/\/i2.wp.com\/jornaldeitaipava.com.br\/wp-content\/uploads\/2024\/01\/WhatsApp-Image-2024-01-23-at-11.46.14.jpeg?fit=1156%2C521&ssl=1","jetpack_publicize_connections":[],"jetpack_sharing_enabled":true,"jetpack_likes_enabled":true,"jetpack-related-posts":[],"_links":{"self":[{"href":"https:\/\/jornaldeitaipava.com.br\/index.php\/wp-json\/wp\/v2\/posts\/38010"}],"collection":[{"href":"https:\/\/jornaldeitaipava.com.br\/index.php\/wp-json\/wp\/v2\/posts"}],"about":[{"href":"https:\/\/jornaldeitaipava.com.br\/index.php\/wp-json\/wp\/v2\/types\/post"}],"author":[{"embeddable":true,"href":"https:\/\/jornaldeitaipava.com.br\/index.php\/wp-json\/wp\/v2\/users\/1"}],"replies":[{"embeddable":true,"href":"https:\/\/jornaldeitaipava.com.br\/index.php\/wp-json\/wp\/v2\/comments?post=38010"}],"version-history":[{"count":1,"href":"https:\/\/jornaldeitaipava.com.br\/index.php\/wp-json\/wp\/v2\/posts\/38010\/revisions"}],"predecessor-version":[{"id":38012,"href":"https:\/\/jornaldeitaipava.com.br\/index.php\/wp-json\/wp\/v2\/posts\/38010\/revisions\/38012"}],"wp:featuredmedia":[{"embeddable":true,"href":"https:\/\/jornaldeitaipava.com.br\/index.php\/wp-json\/wp\/v2\/media\/38011"}],"wp:attachment":[{"href":"https:\/\/jornaldeitaipava.com.br\/index.php\/wp-json\/wp\/v2\/media?parent=38010"}],"wp:term":[{"taxonomy":"category","embeddable":true,"href":"https:\/\/jornaldeitaipava.com.br\/index.php\/wp-json\/wp\/v2\/categories?post=38010"},{"taxonomy":"post_tag","embeddable":true,"href":"https:\/\/jornaldeitaipava.com.br\/index.php\/wp-json\/wp\/v2\/tags?post=38010"}],"curies":[{"name":"wp","href":"https:\/\/api.w.org\/{rel}","templated":true}]}}