{"id":38013,"date":"2024-01-23T12:20:09","date_gmt":"2024-01-23T15:20:09","guid":{"rendered":"http:\/\/jornaldeitaipava.com.br\/?p=38013"},"modified":"2024-01-23T12:20:11","modified_gmt":"2024-01-23T15:20:11","slug":"prefeitura-monta-base-no-ceu-da-posse-e-anuncia-aluguel-social-para-moradores-do-inga","status":"publish","type":"post","link":"https:\/\/jornaldeitaipava.com.br\/index.php\/2024\/01\/23\/prefeitura-monta-base-no-ceu-da-posse-e-anuncia-aluguel-social-para-moradores-do-inga\/","title":{"rendered":"Prefeitura monta base no CEU da Posse e anuncia Aluguel Social para moradores do Ing\u00e1"},"content":{"rendered":"\n<p class=\"has-text-align-center\"><strong>Secretarias de Defesa Civil e de Obras estudam interven\u00e7\u00f5es na pedreira<\/strong><\/p>\n\n\n\n<p><br>A Prefeitura terminou a manh\u00e3 desta segunda-feira (22) j\u00e1 com uma s\u00e9rie de a\u00e7\u00f5es em resposta ao desplacamento de rocha que aconteceu no Ing\u00e1, na Posse, na madrugada.<br>O desplacamento n\u00e3o atingiu ningu\u00e9m (portanto, n\u00e3o houve v\u00edtimas, nem feridos).<br>A\u00e7\u00f5es tomadas pela Prefeitura ao longo da manh\u00e3:<\/p>\n\n\n\n<p>\u2022 O prefeito Rubens Bomtempo e todo o secretariado foram cedo para a regi\u00e3o atingida<br>\u2022 T\u00e9cnicos da Defesa Civil est\u00e3o tamb\u00e9m desde cedo no local, vistoriando a \u00e1rea e avaliando a amplia\u00e7\u00e3o da \u00e1rea interditada<br>\u2022 Uma base da Prefeitura foi montada na Pra\u00e7a do CEU da Posse para o cadastramento das fam\u00edlias moradoras de casas pr\u00f3ximas ao desplacamento<br>\u2022 A Prefeitura providenciou o transporte (carros e Van) dessas fam\u00edlias para o CEU da Posse<br>\u2022 O prefeito Rubens Bomtempo anunciou o Aluguel Social para as fam\u00edlias que precisarem deixar suas casas<br>\u2022 A Prefeitura dar\u00e1 assist\u00eancia para a mudan\u00e7a dessas fam\u00edlias para as casas alugadas pelo Aluguel Social<br>\u2022 A Secretaria de Educa\u00e7\u00e3o est\u00e1 mobilizando 2 unidades escolares para, a partir desta ter\u00e7a-feira (23), dar suporte de atendimento \u00e0s fam\u00edlias atingidas. Uma delas ser\u00e1 o CEI \u00c2ngela Maria, que funcionar\u00e1 como um espa\u00e7o seguro e amig\u00e1vel para as crian\u00e7as dessas fam\u00edlias. A outra unidade (que est\u00e1 para ser definida j\u00e1 nesta segunda-feira) funcionar\u00e1 como uma cozinha comunit\u00e1ria para garantir a alimenta\u00e7\u00e3o das fam\u00edlias<br>\u2022 As Secretarias de Defesa Civil e de Obras j\u00e1 trabalham, com o uso de drones, na busca de solu\u00e7\u00f5es de engenharia na encosta (s\u00e3o interven\u00e7\u00f5es complexas, devido \u00e0s dimens\u00f5es da encosta)<\/p>\n\n\n\n<p>\u201cHouve esse desplacamento no Ing\u00e1, numa \u00e1rea j\u00e1 interditada. Gra\u00e7as a Deus, ningu\u00e9m se machucou, e isso \u00e9 o mais importante. Agora, neste primeiro momento, a nossa preocupa\u00e7\u00e3o \u00e9 garantir a seguran\u00e7a das fam\u00edlias. Por isso, estou determinando o Aluguel Social, para que a gente garanta que essas fam\u00edlias estejam em um local seguro. Tamb\u00e9m por isso, montamos a base da Prefeitura no CEU da Posse. Um local seguro, para que a gente possa fazer com tranquilidade o cadastramento das fam\u00edlias\u201d, disse o prefeito Rubens Bomtempo.<br>Neste in\u00edcio de tarde, o governo municipal (prefeito e todo o secretariado) e o vereador Ronaldo Ramos est\u00e3o reunidos, debatendo os pr\u00f3ximos passos.<\/p>\n","protected":false},"excerpt":{"rendered":"<p>Secretarias de Defesa Civil e de Obras estudam interven\u00e7\u00f5es na pedreira A Prefeitura terminou a<\/p>\n","protected":false},"author":1,"featured_media":38014,"comment_status":"closed","ping_status":"open","sticky":false,"template":"","format":"standard","meta":{"spay_email":"","footnotes":"","jetpack_publicize_message":""},"categories":[24],"tags":[],"jetpack_featured_media_url":"https:\/\/i2.wp.com\/jornaldeitaipava.com.br\/wp-content\/uploads\/2024\/01\/WhatsApp-Image-2024-01-22-at-13.44.34.jpeg?fit=1599%2C1066&ssl=1","jetpack_publicize_connections":[],"jetpack_sharing_enabled":true,"jetpack_likes_enabled":true,"jetpack-related-posts":[],"_links":{"self":[{"href":"https:\/\/jornaldeitaipava.com.br\/index.php\/wp-json\/wp\/v2\/posts\/38013"}],"collection":[{"href":"https:\/\/jornaldeitaipava.com.br\/index.php\/wp-json\/wp\/v2\/posts"}],"about":[{"href":"https:\/\/jornaldeitaipava.com.br\/index.php\/wp-json\/wp\/v2\/types\/post"}],"author":[{"embeddable":true,"href":"https:\/\/jornaldeitaipava.com.br\/index.php\/wp-json\/wp\/v2\/users\/1"}],"replies":[{"embeddable":true,"href":"https:\/\/jornaldeitaipava.com.br\/index.php\/wp-json\/wp\/v2\/comments?post=38013"}],"version-history":[{"count":1,"href":"https:\/\/jornaldeitaipava.com.br\/index.php\/wp-json\/wp\/v2\/posts\/38013\/revisions"}],"predecessor-version":[{"id":38015,"href":"https:\/\/jornaldeitaipava.com.br\/index.php\/wp-json\/wp\/v2\/posts\/38013\/revisions\/38015"}],"wp:featuredmedia":[{"embeddable":true,"href":"https:\/\/jornaldeitaipava.com.br\/index.php\/wp-json\/wp\/v2\/media\/38014"}],"wp:attachment":[{"href":"https:\/\/jornaldeitaipava.com.br\/index.php\/wp-json\/wp\/v2\/media?parent=38013"}],"wp:term":[{"taxonomy":"category","embeddable":true,"href":"https:\/\/jornaldeitaipava.com.br\/index.php\/wp-json\/wp\/v2\/categories?post=38013"},{"taxonomy":"post_tag","embeddable":true,"href":"https:\/\/jornaldeitaipava.com.br\/index.php\/wp-json\/wp\/v2\/tags?post=38013"}],"curies":[{"name":"wp","href":"https:\/\/api.w.org\/{rel}","templated":true}]}}