{"id":38093,"date":"2024-01-30T10:46:59","date_gmt":"2024-01-30T13:46:59","guid":{"rendered":"http:\/\/jornaldeitaipava.com.br\/?p=38093"},"modified":"2024-01-30T14:48:02","modified_gmt":"2024-01-30T17:48:02","slug":"divulga-programacao-do-carnaval-2024-em-saquarema","status":"publish","type":"post","link":"https:\/\/jornaldeitaipava.com.br\/index.php\/2024\/01\/30\/divulga-programacao-do-carnaval-2024-em-saquarema\/","title":{"rendered":"Divulgada programa\u00e7\u00e3o do Carnaval 2024 em Saquarema"},"content":{"rendered":"\n<p>Prepare os tamborins, chame a fam\u00edlia e os amigos e vista a sua melhor fantasia. O maior Carnaval da regi\u00e3o j\u00e1 vai come\u00e7ar! A alegria, a folia e a festa em fam\u00edlia voltam a dar o tom no Carnaval de Saquarema.<br>Realizada pela Prefeitura, por meio da Secretaria de Esporte, Lazer e Turismo, a festa come\u00e7ar\u00e1 na sexta-feira, 09, com o desfile do bloco N\u00e3o \u00e9 N\u00e3o, \u00e0s 17h, no Centro. No mesmo local, Curvina de Catinga faz a festa, a partir das 20h. Encerrando o primeiro dia, Lequinho Torres e Pedro Barros agitar\u00e3o o Trio El\u00e9trico, com shows \u00e0s 22h e 01h, respectivamente, na orla da Lagoa.<br>A programa\u00e7\u00e3o segue no s\u00e1bado, com desfiles de 8 blocos. J\u00e1 no domingo, 12 blocos dar\u00e3o o tom da folia pela cidade. Na segunda-feira, outros 10 blocos desfilar\u00e3o e, na ter\u00e7a-feira, ser\u00e3o realizados outros 11 desfiles.<\/p>\n\n\n\n<p><strong>Crian\u00e7as e marchinhas<br><\/strong>Os pequenos foli\u00f5es ter\u00e3o uma programa\u00e7\u00e3o especial, montada para que eles possam curtir a festa com tranquilidade e seguran\u00e7a. O Bloco das Crian\u00e7as estar\u00e1 no Centro de Saquarema durante os 4 dias de folia, sempre \u00e0s 18h. Neste mesmo hor\u00e1rio, tamb\u00e9m haver\u00e1 Bloco das Crian\u00e7as no s\u00e1bado, em Sampaio Corr\u00eaa; domingo, em Vilatur; na segunda, em Jacon\u00e9; e na ter\u00e7a-feira, em Bacax\u00e1. A classifica\u00e7\u00e3o et\u00e1ria \u00e9 livre. Para os foli\u00f5es mais tradicionais, que n\u00e3o abrem m\u00e3o das marchinhas de Carnaval, a Prefeitura criou um bloco especial que animar\u00e1 o Centro da cidade nos quatro dias de festa, sempre \u00e0s 20h.<\/p>\n\n\n\n<p><strong>Shows<br><\/strong>Al\u00e9m dos blocos, o Carnaval de Saquarema contar\u00e1 com shows em Bacax\u00e1, Jacon\u00e9, Sampaio Corr\u00eaa e Vilatur. Na Orla da Lagoa, na Vila, cantores como Lequinho Torres, Pedro Barros, Serj\u00e3o Loroza, Israel Lacerda, Banda Quizomba, Na Farra, Marina J\u00falia, Maycon Andr\u00e9, Leandro Lopes e Jeferson e Daniel se apresentar\u00e3o, a partir das 22h, no Trio principal. Al\u00e9m deles, tamb\u00e9m haver\u00e1 shows nos palcos montados nos distritos, com apresenta\u00e7\u00f5es de Rosalu, Nosso Nome \u00e9 Pagode, Gabriel e Luciano, Rael, Diego Santos, Los Maresias e Z\u00e9 Lucas.<br>Para garantir mais seguran\u00e7a aos foli\u00f5es, a Secretaria Municipal de Seguran\u00e7a e Ordem P\u00fablica orienta os moradores sobre a proibi\u00e7\u00e3o de bebidas em recipientes de vidro (garrafas). Al\u00e9m disso, permanece a orienta\u00e7\u00e3o para a proibi\u00e7\u00e3o de n\u00e3o dirigir ap\u00f3s a ingest\u00e3o de bebidas alco\u00f3licas.<br>J\u00e1 a Secretaria Municipal de Transporte e Servi\u00e7os P\u00fablicos est\u00e1 montando um cronograma especial para limpeza das \u00e1reas de grande concentra\u00e7\u00e3o de pessoas durante os desfiles. Al\u00e9m disso, a Prefeitura orienta que as pessoas descartem o lixo nos locais corretos, como lixeiras e contentores. Durante o per\u00edodo de folia, a Secretaria Municipal dos Direitos dos Animais tamb\u00e9m atuar\u00e1 com uma campanha contra o abandono de animais. As equipes estar\u00e3o nos principais pontos da cidade para conscientizar a popula\u00e7\u00e3o sobre os problemas causados pelo ato de abandono.<\/p>\n\n\n\n<p><strong>N\u00e3o \u00e9 N\u00e3o<br><\/strong>Buscando combater o ass\u00e9dio \u00e0s mulheres, a Prefeitura, por meio da Secretaria Municipal da Mulher, realizar\u00e1 pelo segundo ano a campanha N\u00e3o \u00e9 N\u00e3o. As equipes est\u00e3o baseadas em tendas da Secretaria Municipal de Seguran\u00e7a e Ordem P\u00fablica, atuando em parceria, prestando atendimento e fornecendo orienta\u00e7\u00f5es sobre a campanha, al\u00e9m de proporcionar suporte e acolhimento para as mulheres que necessitarem de ajuda. Material promocional divulgando a campanha est\u00e1 sendo distribu\u00eddo nas praias e outros pontos movimentados da cidade.<br>As tendas est\u00e3o instaladas nas praias de Vilatur, da Vila, da Barrinha, de Jacon\u00e9, do Boqueir\u00e3o, al\u00e9m de uma tenda localizada no Centro, na altura da rua da Col\u00f4nia de Pescadores, local de concentra\u00e7\u00e3o dos blocos. Nos locais, as equipes da Secretaria distribuir\u00e3o material informativo. A campanha tamb\u00e9m tem como objetivo informar sobre os servi\u00e7os prestados pela Secretaria da Mulher, atrav\u00e9s do Centro de Refer\u00eancia no Atendimento \u00e0 Mulher \u2013 CRAM, que oferece apoio jur\u00eddico, psicol\u00f3gico e social para as v\u00edtimas.<\/p>\n\n\n\n<p>A programa\u00e7\u00e3o completa do evento pode ser acessada no site <a href=\"https:\/\/www.saquarema.rj.gov.br\/prefeitura-divulga-programacao-do-carnaval-em-saquarema\/\" target=\"_blank\" rel=\"noreferrer noopener\">https:\/\/www.saquarema.rj.gov.br\/prefeitura-divulga-programacao-do-carnaval-em-saquarema\/<\/a><\/p>\n","protected":false},"excerpt":{"rendered":"<p>Prepare os tamborins, chame a fam\u00edlia e os amigos e vista a sua melhor fantasia.<\/p>\n","protected":false},"author":1,"featured_media":37707,"comment_status":"closed","ping_status":"open","sticky":false,"template":"","format":"standard","meta":{"spay_email":"","footnotes":"","jetpack_publicize_message":""},"categories":[42],"tags":[],"jetpack_featured_media_url":"https:\/\/i1.wp.com\/jornaldeitaipava.com.br\/wp-content\/uploads\/2023\/12\/saqua-3.jpg?fit=1200%2C800&ssl=1","jetpack_publicize_connections":[],"jetpack_sharing_enabled":true,"jetpack_likes_enabled":true,"jetpack-related-posts":[],"_links":{"self":[{"href":"https:\/\/jornaldeitaipava.com.br\/index.php\/wp-json\/wp\/v2\/posts\/38093"}],"collection":[{"href":"https:\/\/jornaldeitaipava.com.br\/index.php\/wp-json\/wp\/v2\/posts"}],"about":[{"href":"https:\/\/jornaldeitaipava.com.br\/index.php\/wp-json\/wp\/v2\/types\/post"}],"author":[{"embeddable":true,"href":"https:\/\/jornaldeitaipava.com.br\/index.php\/wp-json\/wp\/v2\/users\/1"}],"replies":[{"embeddable":true,"href":"https:\/\/jornaldeitaipava.com.br\/index.php\/wp-json\/wp\/v2\/comments?post=38093"}],"version-history":[{"count":2,"href":"https:\/\/jornaldeitaipava.com.br\/index.php\/wp-json\/wp\/v2\/posts\/38093\/revisions"}],"predecessor-version":[{"id":38105,"href":"https:\/\/jornaldeitaipava.com.br\/index.php\/wp-json\/wp\/v2\/posts\/38093\/revisions\/38105"}],"wp:featuredmedia":[{"embeddable":true,"href":"https:\/\/jornaldeitaipava.com.br\/index.php\/wp-json\/wp\/v2\/media\/37707"}],"wp:attachment":[{"href":"https:\/\/jornaldeitaipava.com.br\/index.php\/wp-json\/wp\/v2\/media?parent=38093"}],"wp:term":[{"taxonomy":"category","embeddable":true,"href":"https:\/\/jornaldeitaipava.com.br\/index.php\/wp-json\/wp\/v2\/categories?post=38093"},{"taxonomy":"post_tag","embeddable":true,"href":"https:\/\/jornaldeitaipava.com.br\/index.php\/wp-json\/wp\/v2\/tags?post=38093"}],"curies":[{"name":"wp","href":"https:\/\/api.w.org\/{rel}","templated":true}]}}