{"id":38095,"date":"2024-01-30T10:48:46","date_gmt":"2024-01-30T13:48:46","guid":{"rendered":"http:\/\/jornaldeitaipava.com.br\/?p=38095"},"modified":"2024-01-30T10:48:49","modified_gmt":"2024-01-30T13:48:49","slug":"v-festival-odoya-celebra-a-cultura-e-tradicao-em-buzios-de-2-a-5-de-fevereiro","status":"publish","type":"post","link":"https:\/\/jornaldeitaipava.com.br\/index.php\/2024\/01\/30\/v-festival-odoya-celebra-a-cultura-e-tradicao-em-buzios-de-2-a-5-de-fevereiro\/","title":{"rendered":"V Festival Odoya Celebra a Cultura e Tradi\u00e7\u00e3o em B\u00fazios de 2 a 5 de fevereiro"},"content":{"rendered":"\n<p><strong>O evento, que reunir\u00e1 arte, cultura, gastronomia e homenagens, promete uma programa\u00e7\u00e3o diversificada para os participantes<\/strong><\/p>\n\n\n\n<p><br>Entre os dias 2 e 5 de fevereiro, B\u00fazios ser\u00e1 palco do V Festival Odoya, um evento que ocorrer\u00e1 do bairro Rasa at\u00e9 o bairro Ossos, das 14h \u00e0s 20h. O Festival \u00e9 realizado por Filhos de Ase Cantinho da Vov\u00f3 Maria Conga- Etemy Sirlei d\u2019Iemanja e conta com apoio da Prefeitura de B\u00fazios.<br>Desde 2004, o evento tem sido um ve\u00edculo para promover a\u00e7\u00f5es afirmativas voltadas \u00e0 popula\u00e7\u00e3o negra de Arma\u00e7\u00e3o de B\u00fazios. O nome \u201cB\u00fazios\u201d ganha significado como \u201cOs olhos da ancestralidade\u201d, ressaltando a import\u00e2ncia do Festival para retratar as rela\u00e7\u00f5es \u00e9tnico-raciais, considerando Iemanj\u00e1 como a Senhora das \u00c1guas. O Festival Odoya busca resgatar e fomentar a cultura tradicional de matriz africana, reconectando com ra\u00edzes em fam\u00edlias negras e quilombolas.<\/p>\n\n\n\n<p><strong>Programa\u00e7\u00e3o:<br><\/strong>2 de fevereiro: Pra\u00e7a Quilombola da Rasa \u2013 Mercado do Pescador<br>Abertura Oficial \u00e0s 14h;<br>Apresenta\u00e7\u00f5es Culturais;<br>Roda de Conversa, com o tema: \u201cGarantia de Direito das Comunidades Tradicionais de Matrizes Africanas\u201d;<br>Homenagens.<\/p>\n\n\n\n<p>3 de fevereiro: Praia do Pescador da Rasa \u2013 Pra\u00e7a Quilombola<br>Cortejo a Iemanj\u00e1 \u00e0s 5h30 da manh\u00e3;<br>Caf\u00e9 da Manh\u00e3 de As\u00e9.<\/p>\n\n\n\n<p>4 de fevereiro: Pra\u00e7a dos Ossos \u2013 Das 14h at\u00e9 20h<br>Feira de Artes Odoya \u2013 Rede de Empreendimento Delas;<br>Participa\u00e7\u00e3o no 1\u00ba Cruzeiro Afro Central \u2013 MSC.<\/p>\n\n\n\n<p>5 de fevereiro: Pra\u00e7a dos Ossos \u2013 Das 14h at\u00e9 20h<br>Feira de Artes Odoya \u2013 Rede de Empreendimento Delas;<br>Noite Black Buziana \u2013 Aos Sons das \u00c1guas \u00e0s 18h.<\/p>\n","protected":false},"excerpt":{"rendered":"<p>O evento, que reunir\u00e1 arte, cultura, gastronomia e homenagens, promete uma programa\u00e7\u00e3o diversificada para os<\/p>\n","protected":false},"author":1,"featured_media":38096,"comment_status":"closed","ping_status":"open","sticky":false,"template":"","format":"standard","meta":{"spay_email":"","footnotes":"","jetpack_publicize_message":""},"categories":[42],"tags":[],"jetpack_featured_media_url":"https:\/\/i1.wp.com\/jornaldeitaipava.com.br\/wp-content\/uploads\/2024\/01\/WhatsApp-Image-2024-01-29-at-12.43.09.jpeg?fit=1600%2C1066&ssl=1","jetpack_publicize_connections":[],"jetpack_sharing_enabled":true,"jetpack_likes_enabled":true,"jetpack-related-posts":[],"_links":{"self":[{"href":"https:\/\/jornaldeitaipava.com.br\/index.php\/wp-json\/wp\/v2\/posts\/38095"}],"collection":[{"href":"https:\/\/jornaldeitaipava.com.br\/index.php\/wp-json\/wp\/v2\/posts"}],"about":[{"href":"https:\/\/jornaldeitaipava.com.br\/index.php\/wp-json\/wp\/v2\/types\/post"}],"author":[{"embeddable":true,"href":"https:\/\/jornaldeitaipava.com.br\/index.php\/wp-json\/wp\/v2\/users\/1"}],"replies":[{"embeddable":true,"href":"https:\/\/jornaldeitaipava.com.br\/index.php\/wp-json\/wp\/v2\/comments?post=38095"}],"version-history":[{"count":1,"href":"https:\/\/jornaldeitaipava.com.br\/index.php\/wp-json\/wp\/v2\/posts\/38095\/revisions"}],"predecessor-version":[{"id":38097,"href":"https:\/\/jornaldeitaipava.com.br\/index.php\/wp-json\/wp\/v2\/posts\/38095\/revisions\/38097"}],"wp:featuredmedia":[{"embeddable":true,"href":"https:\/\/jornaldeitaipava.com.br\/index.php\/wp-json\/wp\/v2\/media\/38096"}],"wp:attachment":[{"href":"https:\/\/jornaldeitaipava.com.br\/index.php\/wp-json\/wp\/v2\/media?parent=38095"}],"wp:term":[{"taxonomy":"category","embeddable":true,"href":"https:\/\/jornaldeitaipava.com.br\/index.php\/wp-json\/wp\/v2\/categories?post=38095"},{"taxonomy":"post_tag","embeddable":true,"href":"https:\/\/jornaldeitaipava.com.br\/index.php\/wp-json\/wp\/v2\/tags?post=38095"}],"curies":[{"name":"wp","href":"https:\/\/api.w.org\/{rel}","templated":true}]}}