{"id":38099,"date":"2024-01-30T11:21:28","date_gmt":"2024-01-30T14:21:28","guid":{"rendered":"http:\/\/jornaldeitaipava.com.br\/?p=38099"},"modified":"2024-01-30T11:21:30","modified_gmt":"2024-01-30T14:21:30","slug":"armazem-do-grao-inovacao-e-personalizacao-na-distribuicao-as-lojas-garantem-produtos-frescos-e-qualidade-superior-para-os-clientes","status":"publish","type":"post","link":"https:\/\/jornaldeitaipava.com.br\/index.php\/2024\/01\/30\/armazem-do-grao-inovacao-e-personalizacao-na-distribuicao-as-lojas-garantem-produtos-frescos-e-qualidade-superior-para-os-clientes\/","title":{"rendered":"Armaz\u00e9m do Gr\u00e3o: inova\u00e7\u00e3o e personaliza\u00e7\u00e3o na distribui\u00e7\u00e3o \u00e0s lojas garantem produtos frescos e qualidade superior para os clientes \u200b"},"content":{"rendered":"\n<p>Rede de supermercados refor\u00e7a seu compromisso com qualidade, sustentabilidade e inova\u00e7\u00e3o\u200b<br>A rede de supermercados Armaz\u00e9m do Gr\u00e3o continua reafirmando seu compromisso com a excel\u00eancia no setor de varejo, destacando-se n\u00e3o apenas pelos servi\u00e7os de qualidade, variedade e atendimento diferenciado oferecidos aos clientes, mas tamb\u00e9m por iniciativas robustas em sustentabilidade e investimentos significativos na \u00e1rea tecnol\u00f3gica.<br>Com uma presen\u00e7a consolidada no estado do Rio de Janeiro, a rede possui 12 lojas estrategicamente localizadas em Petr\u00f3polis, Teres\u00f3polis e na capital, Barra da Tijuca. Al\u00e9m disso, com a aquisi\u00e7\u00e3o do pr\u00e9dio da Dentsply em Petr\u00f3polis, ficou evidenciada a vis\u00e3o de expans\u00e3o e fortalecimento da presen\u00e7a corporativa do Armaz\u00e9m do Gr\u00e3o.<\/p>\n\n\n\n<p>Centros de Distribui\u00e7\u00e3o como pilar da efici\u00eancia operacional\u200b<br>Para garantir a oferta de produtos de alta qualidade, variedade e pre\u00e7o justo, o Armaz\u00e9m do Gr\u00e3o conta com dois Centros de Distribui\u00e7\u00e3o em Petr\u00f3polis, no antigo pr\u00e9dio da Dentsply. O destaque fica para o CD2 (Centro de Distribui\u00e7\u00e3o 2), uma unidade estrat\u00e9gica que opera como uma loja interna, desempenhando papel crucial no abastecimento do excesso de filiais da rede.<br>No CD2, os produtos chegam em caixa fechada e passam por um processo meticuloso de fracionamento, atendendo aos pedidos ffiliais da rede. Esse procedimento, aliado a auditorias criteriosas, garante a entrega de produtos frescos e em perfeitas condi\u00e7\u00f5es a cada loja da rede.<br>&#8220;O Armaz\u00e9m do Gr\u00e3o, por meio do CD2, busca atender de forma personalizada todas as suas filiais, otimizando espa\u00e7o f\u00edsico, estoque e capital enviado em cada loja. Nossa prioridade \u00e9 garantir que os produtos cheguem frescos e em condi\u00e7\u00f5es ideais a todos os nossos clientes, que s\u00e3o a nossa raz\u00e3o de ser&#8221;, explica Antoane Correa, diretor-presidente da rede.<\/p>\n\n\n\n<p><strong>Compromisso com sustentabilidade e tecnologia \u200b<br><\/strong>Al\u00e9m da efici\u00eancia operacional, o Armaz\u00e9m do Gr\u00e3o se destaca pelo compromisso com a sustentabilidade. A\u00e7\u00f5es ambientais respons\u00e1veis s\u00e3o incorporadas em diversas etapas da cadeia de suprimentos, reafirmando o papel da empresa como agente transformador em prol do meio ambiente.<br>Tamb\u00e9m no \u00e2mbito da sustentabilidade, desde 2019, a rede investe na implanta\u00e7\u00e3o de servi\u00e7os de gera\u00e7\u00e3o solar. Com 1.560 placas solares instaladas em uma \u00e1rea de 3.200 m2, o Armaz\u00e9m do Gr\u00e3o contribui ativamente para a gera\u00e7\u00e3o de energia limpa. Al\u00e9m disso, mais de 2 mil l\u00e2mpadas LED foram empregadas, substituindo as fluorescentes e reduzindo significativamente o consumo de energia. Essa iniciativa reflete o compromisso da empresa n\u00e3o apenas com o presente, mas tamb\u00e9m com o futuro das gera\u00e7\u00f5es.<br>Os investimentos na \u00e1rea tecnol\u00f3gica n\u00e3o ficam para tr\u00e1s, demonstrando o comprometimento do Armaz\u00e9m do Gr\u00e3o em proporcionar experi\u00eancias inovadoras aos seus clientes.<br>\u201cA rede busca constantemente aprimorar seus processos e servi\u00e7os, alinhando-se \u00e0s demandas do mercado e \u00e0s expectativas dos consumidores\u201d, ressalta seu diretor-presidente.<br>A rede Armaz\u00e9m do Gr\u00e3o orgulha-se de ser pioneira no interior do estado ao implantar o self-checkout, inovando na experi\u00eancia de compra de seus clientes. Al\u00e9m disso, a rede foi tamb\u00e9m uma das primeiras a apostar nas vendas online no interior, oferecendo conveni\u00eancia e praticidade por meio do site e do aplicativo.<br>A combina\u00e7\u00e3o da aposta nas vendas online e entregas diretas revelou-se n\u00e3o apenas como um diferencial crucial durante a pandemia, mas tamb\u00e9m como uma estrat\u00e9gia vision\u00e1ria por parte do Armaz\u00e9m do Gr\u00e3o. Ao estar preparado para atender \u00e0 demanda provocada pelo isolamento social, a rede n\u00e3o s\u00f3 garantiu a continuidade das opera\u00e7\u00f5es, mas tamb\u00e9m fortaleceu seu relacionamento com os clientes ao oferecer uma solu\u00e7\u00e3o conveniente e segura para suas necessidades de compras.<br>Em um passo ainda mais audacioso, o Armaz\u00e9m do Gr\u00e3o colocou sua presen\u00e7a no Metaverso, destacando-se como a primeira rede a adentrar esse espa\u00e7o virtual, proporcionando aos consumidores uma experi\u00eancia de compra \u00fanica e conectada com as mais recentes tend\u00eancias tecnol\u00f3gicas.<br>O compromisso do Armaz\u00e9m do Gr\u00e3o com a inova\u00e7\u00e3o, aliado \u00e0 prontid\u00e3o para se adaptar \u00e0s propostas, tem se mostrado essencial para manter o sucesso da rede e a satisfa\u00e7\u00e3o de seus clientes em meio a um contexto t\u00e3o din\u00e2mico.<\/p>\n\n\n\n<p><strong>Vis\u00e3o de futuro: expans\u00e3o e fortalecimento da marca \u200b<br><\/strong>Com a aquisi\u00e7\u00e3o do antigo pr\u00e9dio da empresa Dentsply em Petr\u00f3polis, o Armaz\u00e9m do Gr\u00e3o n\u00e3o apenas consolidou sua presen\u00e7a corporativa, mas tamb\u00e9m fortaleceu seus centros de distribui\u00e7\u00e3o e abriu caminho para novos empreendimentos.<br>\u201cEssa nossa estrat\u00e9gia refor\u00e7a o compromisso da rede em oferecer n\u00e3o apenas produtos de alta qualidade, mas tamb\u00e9m contribuir para o desenvolvimento econ\u00f4mico e sustent\u00e1vel das comunidades onde estamos atuando\u201d, finalizou Antoane Correa.<\/p>\n","protected":false},"excerpt":{"rendered":"<p>Rede de supermercados refor\u00e7a seu compromisso com qualidade, sustentabilidade e inova\u00e7\u00e3o\u200bA rede de supermercados Armaz\u00e9m<\/p>\n","protected":false},"author":1,"featured_media":38100,"comment_status":"closed","ping_status":"open","sticky":false,"template":"","format":"standard","meta":{"spay_email":"","footnotes":"","jetpack_publicize_message":""},"categories":[2],"tags":[],"jetpack_featured_media_url":"https:\/\/i2.wp.com\/jornaldeitaipava.com.br\/wp-content\/uploads\/2024\/01\/WhatsApp-Image-2024-01-30-at-11.05.00.jpeg?fit=776%2C442&ssl=1","jetpack_publicize_connections":[],"jetpack_sharing_enabled":true,"jetpack_likes_enabled":true,"jetpack-related-posts":[],"_links":{"self":[{"href":"https:\/\/jornaldeitaipava.com.br\/index.php\/wp-json\/wp\/v2\/posts\/38099"}],"collection":[{"href":"https:\/\/jornaldeitaipava.com.br\/index.php\/wp-json\/wp\/v2\/posts"}],"about":[{"href":"https:\/\/jornaldeitaipava.com.br\/index.php\/wp-json\/wp\/v2\/types\/post"}],"author":[{"embeddable":true,"href":"https:\/\/jornaldeitaipava.com.br\/index.php\/wp-json\/wp\/v2\/users\/1"}],"replies":[{"embeddable":true,"href":"https:\/\/jornaldeitaipava.com.br\/index.php\/wp-json\/wp\/v2\/comments?post=38099"}],"version-history":[{"count":1,"href":"https:\/\/jornaldeitaipava.com.br\/index.php\/wp-json\/wp\/v2\/posts\/38099\/revisions"}],"predecessor-version":[{"id":38101,"href":"https:\/\/jornaldeitaipava.com.br\/index.php\/wp-json\/wp\/v2\/posts\/38099\/revisions\/38101"}],"wp:featuredmedia":[{"embeddable":true,"href":"https:\/\/jornaldeitaipava.com.br\/index.php\/wp-json\/wp\/v2\/media\/38100"}],"wp:attachment":[{"href":"https:\/\/jornaldeitaipava.com.br\/index.php\/wp-json\/wp\/v2\/media?parent=38099"}],"wp:term":[{"taxonomy":"category","embeddable":true,"href":"https:\/\/jornaldeitaipava.com.br\/index.php\/wp-json\/wp\/v2\/categories?post=38099"},{"taxonomy":"post_tag","embeddable":true,"href":"https:\/\/jornaldeitaipava.com.br\/index.php\/wp-json\/wp\/v2\/tags?post=38099"}],"curies":[{"name":"wp","href":"https:\/\/api.w.org\/{rel}","templated":true}]}}