{"id":38106,"date":"2024-01-30T14:50:30","date_gmt":"2024-01-30T17:50:30","guid":{"rendered":"http:\/\/jornaldeitaipava.com.br\/?p=38106"},"modified":"2024-01-30T15:00:23","modified_gmt":"2024-01-30T18:00:23","slug":"brasil-pode-registrar-ate-42-milhoes-de-casos-de-dengue-em-2024","status":"publish","type":"post","link":"https:\/\/jornaldeitaipava.com.br\/index.php\/2024\/01\/30\/brasil-pode-registrar-ate-42-milhoes-de-casos-de-dengue-em-2024\/","title":{"rendered":"Brasil pode registrar at\u00e9 4,2 milh\u00f5es de casos de dengue em 2024"},"content":{"rendered":"\n<p>O ano de 2024 deve registrar 1.960.460 casos de dengue no Brasil. Essa estimativa, entretanto, pode variar de 1.462.310 at\u00e9 4.225.885 de casos. Os n\u00fameros foram divulgados nesta ter\u00e7a-feira (30), em Bras\u00edlia, pelo Minist\u00e9rio da Sa\u00fade, durante encontro entre representantes da Sala Nacional de Arboviroses, do Conselho Nacional de Secret\u00e1rios de Sa\u00fade (Conass) e do Conselho Nacional de Secretarias Municipais de Sa\u00fade (Conasems).<br>Nas quatro primeiras semanas do ano, o pa\u00eds j\u00e1 contabiliza um acumulado de 217.841 casos prov\u00e1veis da doen\u00e7a. H\u00e1 ainda 15 mortes confirmadas e 149 em investiga\u00e7\u00e3o.<br>A incid\u00eancia \u00e9 de 107,1 casos para cada grupo de 100 mil habitantes, enquanto a taxa de letalidade est\u00e1 em 0,9%. No balan\u00e7o anterior, que englobava as tr\u00eas primeiras semanas de 2024, o pa\u00eds registrava 12 mortes e 120.874 casos prov\u00e1veis da doen\u00e7a. Havia ainda 85 \u00f3bitos em investiga\u00e7\u00e3o.<\/p>\n\n\n\n<p><strong>Vacina<\/strong><br>A distribui\u00e7\u00e3o da vacina contra a dengue para os 521 munic\u00edpios brasileiros selecionados pode come\u00e7ar na segunda semana de fevereiro. A ministra da Sa\u00fade, N\u00edsia Trindade, disse nesta ter\u00e7a-feira (30) que as doses ainda n\u00e3o come\u00e7aram a ser entregues em raz\u00e3o de uma exig\u00eancia da Ag\u00eancia Nacional de Vigil\u00e2ncia Sanit\u00e1ria (Anvisa), a ser cumprida pelo laborat\u00f3rio Takeda, respons\u00e1vel pela produ\u00e7\u00e3o do imunizante.<br>\u201cA rela\u00e7\u00e3o de prioridades da vacina j\u00e1 foi feita. A ideia \u00e9 distribuir dentro daquele mapa j\u00e1 apresentado. Ainda n\u00e3o iniciamos essa distribui\u00e7\u00e3o porque h\u00e1 uma exig\u00eancia e ela tem que ser cumprida pelo laborat\u00f3rio produtor. \u00c9 uma exig\u00eancia regulat\u00f3ria da Anvisa que a bula esteja em portugu\u00eas. Estamos finalizando esse processo\u201d, explicou. \u201cA partir do momento em que seja solucionada essa quest\u00e3o, essa \u00e9 a nossa previs\u00e3o. N\u00e3o haver\u00e1 por que ter mais delongas\u201d, esclareceu.<\/p>\n\n\n\n<p><strong>Vacina\u00e7\u00e3o<br><\/strong>Ser\u00e3o vacinadas crian\u00e7as e adolescentes de 10 a 14 anos, faixa et\u00e1ria que concentra um dos maiores n\u00fameros de hospitaliza\u00e7\u00f5es por dengue. Dados do Minist\u00e9rio da Sa\u00fade mostram que &#8211; de janeiro de 2019 a novembro de 2023 &#8211; o grupo respondeu por 16,4 mil hospitaliza\u00e7\u00f5es, atr\u00e1s apenas dos idosos, grupo para o qual a vacina n\u00e3o foi autorizada. O esquema vacinal ser\u00e1 composto por duas doses, com intervalo de tr\u00eas meses entre elas.<br>A defini\u00e7\u00e3o de um p\u00fablico-alvo e de regi\u00f5es priorit\u00e1rias para a imuniza\u00e7\u00e3o foi necess\u00e1ria em raz\u00e3o da capacidade limitada de fornecimento de doses pelo laborat\u00f3rio fabricante da vacina. A primeira remessa, com cerca de 757 mil doses, chegou ao Brasil no \u00faltimo dia 20. O lote faz parte de um total de 1,32 milh\u00e3o de doses fornecidas pela farmac\u00eautica. Outra remessa, com mais de 568 mil doses, est\u00e1 com entrega prevista para fevereiro.<\/p>\n\n\n\n<p>Da Ag\u00eancia Brasil<\/p>\n","protected":false},"excerpt":{"rendered":"<p>O ano de 2024 deve registrar 1.960.460 casos de dengue no Brasil. Essa estimativa, entretanto,<\/p>\n","protected":false},"author":1,"featured_media":36824,"comment_status":"closed","ping_status":"open","sticky":false,"template":"","format":"standard","meta":{"spay_email":"","footnotes":"","jetpack_publicize_message":""},"categories":[24],"tags":[],"jetpack_featured_media_url":"https:\/\/i1.wp.com\/jornaldeitaipava.com.br\/wp-content\/uploads\/2023\/10\/dengue.jpeg?fit=1200%2C801&ssl=1","jetpack_publicize_connections":[],"jetpack_sharing_enabled":true,"jetpack_likes_enabled":true,"jetpack-related-posts":[],"_links":{"self":[{"href":"https:\/\/jornaldeitaipava.com.br\/index.php\/wp-json\/wp\/v2\/posts\/38106"}],"collection":[{"href":"https:\/\/jornaldeitaipava.com.br\/index.php\/wp-json\/wp\/v2\/posts"}],"about":[{"href":"https:\/\/jornaldeitaipava.com.br\/index.php\/wp-json\/wp\/v2\/types\/post"}],"author":[{"embeddable":true,"href":"https:\/\/jornaldeitaipava.com.br\/index.php\/wp-json\/wp\/v2\/users\/1"}],"replies":[{"embeddable":true,"href":"https:\/\/jornaldeitaipava.com.br\/index.php\/wp-json\/wp\/v2\/comments?post=38106"}],"version-history":[{"count":1,"href":"https:\/\/jornaldeitaipava.com.br\/index.php\/wp-json\/wp\/v2\/posts\/38106\/revisions"}],"predecessor-version":[{"id":38107,"href":"https:\/\/jornaldeitaipava.com.br\/index.php\/wp-json\/wp\/v2\/posts\/38106\/revisions\/38107"}],"wp:featuredmedia":[{"embeddable":true,"href":"https:\/\/jornaldeitaipava.com.br\/index.php\/wp-json\/wp\/v2\/media\/36824"}],"wp:attachment":[{"href":"https:\/\/jornaldeitaipava.com.br\/index.php\/wp-json\/wp\/v2\/media?parent=38106"}],"wp:term":[{"taxonomy":"category","embeddable":true,"href":"https:\/\/jornaldeitaipava.com.br\/index.php\/wp-json\/wp\/v2\/categories?post=38106"},{"taxonomy":"post_tag","embeddable":true,"href":"https:\/\/jornaldeitaipava.com.br\/index.php\/wp-json\/wp\/v2\/tags?post=38106"}],"curies":[{"name":"wp","href":"https:\/\/api.w.org\/{rel}","templated":true}]}}