{"id":38108,"date":"2024-01-30T14:51:54","date_gmt":"2024-01-30T17:51:54","guid":{"rendered":"http:\/\/jornaldeitaipava.com.br\/?p=38108"},"modified":"2024-01-30T14:51:57","modified_gmt":"2024-01-30T17:51:57","slug":"mec-publica-resultado-da-primeira-chamada-do-sisu","status":"publish","type":"post","link":"https:\/\/jornaldeitaipava.com.br\/index.php\/2024\/01\/30\/mec-publica-resultado-da-primeira-chamada-do-sisu\/","title":{"rendered":"MEC publica resultado da primeira chamada do Sisu"},"content":{"rendered":"\n<p>O Minist\u00e9rio da Educa\u00e7\u00e3o divulgou nesta ter\u00e7a-feira (30) o resultado da primeira chamada do processo seletivo 2024 do Sistema de Sele\u00e7\u00e3o Unificada (Sisu). Os candidatos podem conferir se foram aprovados no Portal \u00danico de Acesso ao Ensino Superior.<br>\u00c9 pelo SIsu que \u00e9 feita a sele\u00e7\u00e3o dos estudantes para as vagas ofertadas por institui\u00e7\u00f5es p\u00fablicas de ensino superior de todo pa\u00eds, tendo por base a nota obtida no Exame Nacional do Ensino M\u00e9dio (Enem).<br>A lista considera o limite da oferta das vagas por curso e modalidade de concorr\u00eancia, de acordo com as escolhas dos candidatos inscritos e o perfil socioecon\u00f4mico para Lei de Cotas. Este ano s\u00e3o ofertadas 264.360 vagas, distribu\u00eddas entre as 127 institui\u00e7\u00f5es de educa\u00e7\u00e3o superior participantes do programa. As matr\u00edculas t\u00eam in\u00edcio na quinta-feira (1\u00ba).<br>O resultado divulgado hoje servir\u00e1 para vagas em cursos com in\u00edcio das aulas previsto para o primeiro e o segundo semestres deste ano. Com a divulga\u00e7\u00e3o da lista, tem in\u00edcio o per\u00edodo de manifesta\u00e7\u00e3o de interesse pela lista de espera, por candidatos n\u00e3o classificados, at\u00e9 o dia 7 de fevereiro. As vagas remanescentes poder\u00e3o ser preenchidas ao longo de todo o ano.<\/p>\n\n\n\n<p>Da Ag\u00eancia Brasil<\/p>\n","protected":false},"excerpt":{"rendered":"<p>O Minist\u00e9rio da Educa\u00e7\u00e3o divulgou nesta ter\u00e7a-feira (30) o resultado da primeira chamada do processo<\/p>\n","protected":false},"author":1,"featured_media":9963,"comment_status":"closed","ping_status":"open","sticky":false,"template":"","format":"standard","meta":{"spay_email":"","footnotes":"","jetpack_publicize_message":""},"categories":[9],"tags":[],"jetpack_featured_media_url":"https:\/\/i1.wp.com\/jornaldeitaipava.com.br\/wp-content\/uploads\/2021\/02\/sisu.jpg?fit=808%2C418&ssl=1","jetpack_publicize_connections":[],"jetpack_sharing_enabled":true,"jetpack_likes_enabled":true,"jetpack-related-posts":[],"_links":{"self":[{"href":"https:\/\/jornaldeitaipava.com.br\/index.php\/wp-json\/wp\/v2\/posts\/38108"}],"collection":[{"href":"https:\/\/jornaldeitaipava.com.br\/index.php\/wp-json\/wp\/v2\/posts"}],"about":[{"href":"https:\/\/jornaldeitaipava.com.br\/index.php\/wp-json\/wp\/v2\/types\/post"}],"author":[{"embeddable":true,"href":"https:\/\/jornaldeitaipava.com.br\/index.php\/wp-json\/wp\/v2\/users\/1"}],"replies":[{"embeddable":true,"href":"https:\/\/jornaldeitaipava.com.br\/index.php\/wp-json\/wp\/v2\/comments?post=38108"}],"version-history":[{"count":1,"href":"https:\/\/jornaldeitaipava.com.br\/index.php\/wp-json\/wp\/v2\/posts\/38108\/revisions"}],"predecessor-version":[{"id":38109,"href":"https:\/\/jornaldeitaipava.com.br\/index.php\/wp-json\/wp\/v2\/posts\/38108\/revisions\/38109"}],"wp:featuredmedia":[{"embeddable":true,"href":"https:\/\/jornaldeitaipava.com.br\/index.php\/wp-json\/wp\/v2\/media\/9963"}],"wp:attachment":[{"href":"https:\/\/jornaldeitaipava.com.br\/index.php\/wp-json\/wp\/v2\/media?parent=38108"}],"wp:term":[{"taxonomy":"category","embeddable":true,"href":"https:\/\/jornaldeitaipava.com.br\/index.php\/wp-json\/wp\/v2\/categories?post=38108"},{"taxonomy":"post_tag","embeddable":true,"href":"https:\/\/jornaldeitaipava.com.br\/index.php\/wp-json\/wp\/v2\/tags?post=38108"}],"curies":[{"name":"wp","href":"https:\/\/api.w.org\/{rel}","templated":true}]}}