{"id":38113,"date":"2024-01-31T09:18:36","date_gmt":"2024-01-31T12:18:36","guid":{"rendered":"http:\/\/jornaldeitaipava.com.br\/?p=38113"},"modified":"2024-01-31T09:18:39","modified_gmt":"2024-01-31T12:18:39","slug":"dom-joel-portella-assume-a-diocese-de-petropolis","status":"publish","type":"post","link":"https:\/\/jornaldeitaipava.com.br\/index.php\/2024\/01\/31\/dom-joel-portella-assume-a-diocese-de-petropolis\/","title":{"rendered":"Dom Joel Portella assume a Diocese de Petr\u00f3polis"},"content":{"rendered":"\n<p>Dom Joel Portella Amado, 69 anos, \u00e9 novo bispo da Diocese de Petr\u00f3polis, conforme publica\u00e7\u00e3o e an\u00fancio do Vaticano e tem como lema de seu episcopado<em> \u201cOmnibus Omnia Propter Evangelium\u201d <\/em>(Tudo para Todos em favor do Evangelho). A posse est\u00e1 marcada para o dia 9 de mar\u00e7o, \u00e0s 8h30, na Catedral S\u00e3o Pedro de Alc\u00e2ntara, com a presen\u00e7a de todo o clero e bispos do Regional Leste 1.<br>Em sua primeira palavra ao povo da Diocese de Petr\u00f3polis, Dom Joel Portella, agradeceu ao Papa Francisco a nomea\u00e7\u00e3o e \u201cgratid\u00e3o desde j\u00e1 \u00e0 Diocese de Petr\u00f3polis, que agora me acolhe para, juntos, caminharmos por onde o Bom Deus nos conduzir. Gratid\u00e3o ao clero, que, nesses dias, est\u00e1 reunido em forma\u00e7\u00e3o permanente. \u00c9 fundamental estarmos juntos, rezando e refletindo sobre os rumos da miss\u00e3o. Gratid\u00e3o a Mons. Jos\u00e9 Maria Pereira, administrador diocesano, pelo zelo com que vem conduzindo a diocese. Gratid\u00e3o \u00e0 vida consagrada, ao laicato e aos seminaristas\u201d.<br>Em sua mensagem inicial fez um pedido, \u201caquele que eu aprendi com o Papa Francisco: rezem por mim\u201d. E afirmou ainda que a \u201cDiocese de Petr\u00f3polis, presente de Deus, t\u00e3o carinhosamente preparado para mim, presente bem maior do que eu mere\u00e7o, desde quando eu soube da nomea\u00e7\u00e3o, voc\u00eas j\u00e1 fazem parte das minhas ora\u00e7\u00f5es. \u00c9 muito significativo o fato de, em prepara\u00e7\u00e3o ao Jubileu, estarmos no Ano da Ora\u00e7\u00e3o. \u00c9 bom iniciar uma miss\u00e3o em um tempo assim\u201d.<br>Atualmente ele \u00e9 o presidente da Comiss\u00e3o Episcopal para a Doutrina da F\u00e9 da Confer\u00eancia Nacional dos Bispos do Brasil (CNBB), era bispo auxiliar da Arquidiocese do Rio de Janeiro e foi secret\u00e1rio-geral da CNBB, no per\u00edodo de 2019 a 2023, com destaque para sua atua\u00e7\u00e3o e anima\u00e7\u00e3o pastoral da Igreja no Brasil, durante a pandemia da Covid-19.<br>Dom Joel nasceu no Rio de Janeiro, em 2 de outubro de 1954. Estudou Filosofia no Instituto Aloisiano da Companhia de Jesus e Teologia na Pontif\u00edcia Universidade Cat\u00f3lica do Rio de Janeiro (PUC-RJ), onde fez o Doutorado em Teologia. Cursou ainda a faculdade de Direito na Universidade Estadual do Rio de Janeiro (UERJ). Foi ordenado presb\u00edtero em 12 de outubro de 1982 no Rio de Janeiro.<br>Em 07 de dezembro de 2016 fio designado como bispo auxiliar da Arquidiocese de S\u00e3o Sebasti\u00e3o do Rio de Janeiro, pelo Papa Francisco, tendo recebido a ordena\u00e7\u00e3o episcopal no dia 28 de janeiro de 2017 na Catedral Metropolitana do Rio de Janeiro. Desempenha desde ent\u00e3o o servi\u00e7o de Bispo Auxiliar da referida arquidiocese.<br>Como padre, Dom Joel desempenou as fun\u00e7\u00f5es de: P\u00e1roco nas Par\u00f3quias Jesus Ressuscitado e Nossa Senhora da Vit\u00f3ria (1982 \u2013 1991); P\u00e1roco na Par\u00f3quia Nossa Senhora da Vit\u00f3ria (1991 \u2013 2014); Vig\u00e1rio For\u00e2neo, Membro do Conselho Presbiteral e do Col\u00e9gio de Consultores, Coordenador de Pastoral e Vig\u00e1rio Geral.<br>Foi membro do INP \u2013 Instituto Nacional de Pastoral (2008 \u2013 2012); Membro da equipe de reflex\u00e3o teol\u00f3gico-pastoral do CELAM (2014 \u2013 2016); Membro do Cabido Metropolitano e nomeado Capel\u00e3o de Sua Santidade, pelo Santo Padre Bento XVI. \u00c9 ainda membro da Academia Luso-Brasileira de Letras. (2014 \u2013 2016); P\u00e1roco da Catedral de S. Sebasti\u00e3o do Rio de Janeiro. (2016 \u2013 2016). Ele foi professor no Instituto Superior de Teologia da Arquidiocese do Rio de Janeiro e da Pontif\u00edcia Universidade Cat\u00f3lica do Rio de Janeiro e membro da Comiss\u00e3o Organizadora de elabora\u00e7\u00e3o das Diretrizes da A\u00e7\u00e3o Evangelizadora da Igreja no Brasil da CNBB.<br>Durante a 57\u00aa Assembleia Geral da CNBB, realizada em maio de 2019, em Aparecida (SP), foi eleito Secret\u00e1rio-Geral da Confer\u00eancia Nacional dos Bispos do Brasil. Como secret\u00e1rio-geral, dom Joel conduziu a CNBB e garantiu a anima\u00e7\u00e3o pastoral da Igreja no Brasil no per\u00edodo da pandemia, com destaque para a coordena\u00e7\u00e3o da A\u00e7\u00e3o Emergencial \u201c\u00c9 Tempo de Cuidar\u201d, foi um dos dinamizadores da equipe de Anima\u00e7\u00e3o do S\u00ednodo no Brasil, tendo acolhido, em Bras\u00edlia (DF), em mar\u00e7o de 2023, o encontro do Cone Sul da Etapa Continental do S\u00ednodo, coordenou a Edi\u00e7\u00f5es CNBB, presidiu o Conselho Gestor do Fundo Nacional de Solidariedade e tamb\u00e9m foi um dos respons\u00e1veis por implementar a moderniza\u00e7\u00e3o da gest\u00e3o na sede e filiais.<br>Em 2023, durante a Assembleia Nacional dos Bispos do Brasil, Dom Joel Portella foi eleito para presidir a Comiss\u00e3o Episcopal para a Doutrina da F\u00e9 da Confer\u00eancia Nacional dos Bispos do Brasil (CNBB) para o quadri\u00eanio 2023-2027.<\/p>\n","protected":false},"excerpt":{"rendered":"<p>Dom Joel Portella Amado, 69 anos, \u00e9 novo bispo da Diocese de Petr\u00f3polis, conforme publica\u00e7\u00e3o<\/p>\n","protected":false},"author":1,"featured_media":38114,"comment_status":"closed","ping_status":"open","sticky":false,"template":"","format":"standard","meta":{"spay_email":"","footnotes":"","jetpack_publicize_message":""},"categories":[24],"tags":[],"jetpack_featured_media_url":"https:\/\/i0.wp.com\/jornaldeitaipava.com.br\/wp-content\/uploads\/2024\/01\/DOM-JOEL.jpg?fit=600%2C400&ssl=1","jetpack_publicize_connections":[],"jetpack_sharing_enabled":true,"jetpack_likes_enabled":true,"jetpack-related-posts":[],"_links":{"self":[{"href":"https:\/\/jornaldeitaipava.com.br\/index.php\/wp-json\/wp\/v2\/posts\/38113"}],"collection":[{"href":"https:\/\/jornaldeitaipava.com.br\/index.php\/wp-json\/wp\/v2\/posts"}],"about":[{"href":"https:\/\/jornaldeitaipava.com.br\/index.php\/wp-json\/wp\/v2\/types\/post"}],"author":[{"embeddable":true,"href":"https:\/\/jornaldeitaipava.com.br\/index.php\/wp-json\/wp\/v2\/users\/1"}],"replies":[{"embeddable":true,"href":"https:\/\/jornaldeitaipava.com.br\/index.php\/wp-json\/wp\/v2\/comments?post=38113"}],"version-history":[{"count":1,"href":"https:\/\/jornaldeitaipava.com.br\/index.php\/wp-json\/wp\/v2\/posts\/38113\/revisions"}],"predecessor-version":[{"id":38115,"href":"https:\/\/jornaldeitaipava.com.br\/index.php\/wp-json\/wp\/v2\/posts\/38113\/revisions\/38115"}],"wp:featuredmedia":[{"embeddable":true,"href":"https:\/\/jornaldeitaipava.com.br\/index.php\/wp-json\/wp\/v2\/media\/38114"}],"wp:attachment":[{"href":"https:\/\/jornaldeitaipava.com.br\/index.php\/wp-json\/wp\/v2\/media?parent=38113"}],"wp:term":[{"taxonomy":"category","embeddable":true,"href":"https:\/\/jornaldeitaipava.com.br\/index.php\/wp-json\/wp\/v2\/categories?post=38113"},{"taxonomy":"post_tag","embeddable":true,"href":"https:\/\/jornaldeitaipava.com.br\/index.php\/wp-json\/wp\/v2\/tags?post=38113"}],"curies":[{"name":"wp","href":"https:\/\/api.w.org\/{rel}","templated":true}]}}