{"id":38119,"date":"2024-01-31T09:26:03","date_gmt":"2024-01-31T12:26:03","guid":{"rendered":"http:\/\/jornaldeitaipava.com.br\/?p=38119"},"modified":"2024-01-31T09:26:05","modified_gmt":"2024-01-31T12:26:05","slug":"prefeitura-reforca-acoes-contra-dengue-em-todo-o-municipio","status":"publish","type":"post","link":"https:\/\/jornaldeitaipava.com.br\/index.php\/2024\/01\/31\/prefeitura-reforca-acoes-contra-dengue-em-todo-o-municipio\/","title":{"rendered":"Prefeitura refor\u00e7a a\u00e7\u00f5es contra Dengue em todo o munic\u00edpio"},"content":{"rendered":"\n<p>A Prefeitura, por meio da Secretaria de Sa\u00fade, est\u00e1 intensificando o combate \u00e0 dengue no munic\u00edpio. Agentes comunit\u00e1rios de sa\u00fade tamb\u00e9m est\u00e3o participando das a\u00e7\u00f5es, refor\u00e7ando as informa\u00e7\u00f5es sobre as medidas para evitar a prolifera\u00e7\u00e3o do mosquito Aedes Aegypti durante as visitas domiciliares.<br>Nas \u00faltimas semanas, a Coordenadoria de Vigil\u00e2ncia Ambiental promoveu encontros com os agentes comunit\u00e1rios que atuam em todas as regi\u00f5es do munic\u00edpio para apresentar o cen\u00e1rio da dengue e falar sobre import\u00e2ncia de se intensificar, neste momento, as orienta\u00e7\u00f5es \u00e0 popula\u00e7\u00e3o.<br>\u201cEstamos convocando a todos para participar do combate ao mosquito Aedes aegypti, que al\u00e9m da dengue, \u00e9 respons\u00e1vel tamb\u00e9m pela transmiss\u00e3o dos v\u00edrus chikungunya e zica. \u00c9 fundamental que a popula\u00e7\u00e3o entre junto nesta luta contra o mosquito\u201d, disse o prefeito Rubens Bomtempo.<br>Dias de chuva seguidos de sol criam ambientes prop\u00edcios para o aumento da prolifera\u00e7\u00e3o do mosquito. \u201c\u00c9 justamente nesta hora que temos que redobrar os cuidados. As po\u00e7as criadas pelas chuvas se acumulam, nos quintais e nos terrenos. E ao contr\u00e1rio do que muitos pensam, o mosquito gosta de \u00e1gua limpa para se proliferar. Por isso \u00e9 necess\u00e1rio que fa\u00e7amos os 10 minutos semanais eliminando a \u00e1gua parada\u201d, disse o secret\u00e1rio de sa\u00fade, Marcus Curvelo.<br>Mais de 28 mil visitas domiciliares j\u00e1 foram realizadas pelos agentes de endemias desde o in\u00edcio de janeiro. Com base no \u00faltimo Levantamento R\u00e1pido de Infesta\u00e7\u00e3o por Aedes aegypti (LIRAa), a Coordenadoria de Vigil\u00e2ncia Ambiental est\u00e1 retornando \u00e0s regi\u00f5es positivas para notificar e refor\u00e7ar os propriet\u00e1rios de im\u00f3veis onde foram encontradas larvas do mosquito.<br>Segundo Simone Sisnando, coordenadora de Vigil\u00e2ncia Ambiental, o trabalho de combate \u00e0 dengue \u00e9 realizado de forma cont\u00ednua no munic\u00edpio, assim como os LIRAas, que s\u00e3o estabelecidos pelo Minist\u00e9rio da Sa\u00fade. \u201cCom o levantamento do \u00edndice de infesta\u00e7\u00e3o, sabemos o territ\u00f3rio onde \u00e9 necess\u00e1rio o refor\u00e7o das a\u00e7\u00f5es de preven\u00e7\u00e3o. Os agentes de endemias est\u00e3o trabalhando tamb\u00e9m aos s\u00e1bados paras refor\u00e7ar as visitas\u201d, contou.<\/p>\n","protected":false},"excerpt":{"rendered":"<p>A Prefeitura, por meio da Secretaria de Sa\u00fade, est\u00e1 intensificando o combate \u00e0 dengue no<\/p>\n","protected":false},"author":1,"featured_media":38120,"comment_status":"closed","ping_status":"open","sticky":false,"template":"","format":"standard","meta":{"spay_email":"","footnotes":"","jetpack_publicize_message":""},"categories":[2],"tags":[],"jetpack_featured_media_url":"https:\/\/i1.wp.com\/jornaldeitaipava.com.br\/wp-content\/uploads\/2024\/01\/WhatsApp-Image-2024-01-30-at-15.36.58.jpeg?fit=763%2C478&ssl=1","jetpack_publicize_connections":[],"jetpack_sharing_enabled":true,"jetpack_likes_enabled":true,"jetpack-related-posts":[],"_links":{"self":[{"href":"https:\/\/jornaldeitaipava.com.br\/index.php\/wp-json\/wp\/v2\/posts\/38119"}],"collection":[{"href":"https:\/\/jornaldeitaipava.com.br\/index.php\/wp-json\/wp\/v2\/posts"}],"about":[{"href":"https:\/\/jornaldeitaipava.com.br\/index.php\/wp-json\/wp\/v2\/types\/post"}],"author":[{"embeddable":true,"href":"https:\/\/jornaldeitaipava.com.br\/index.php\/wp-json\/wp\/v2\/users\/1"}],"replies":[{"embeddable":true,"href":"https:\/\/jornaldeitaipava.com.br\/index.php\/wp-json\/wp\/v2\/comments?post=38119"}],"version-history":[{"count":1,"href":"https:\/\/jornaldeitaipava.com.br\/index.php\/wp-json\/wp\/v2\/posts\/38119\/revisions"}],"predecessor-version":[{"id":38121,"href":"https:\/\/jornaldeitaipava.com.br\/index.php\/wp-json\/wp\/v2\/posts\/38119\/revisions\/38121"}],"wp:featuredmedia":[{"embeddable":true,"href":"https:\/\/jornaldeitaipava.com.br\/index.php\/wp-json\/wp\/v2\/media\/38120"}],"wp:attachment":[{"href":"https:\/\/jornaldeitaipava.com.br\/index.php\/wp-json\/wp\/v2\/media?parent=38119"}],"wp:term":[{"taxonomy":"category","embeddable":true,"href":"https:\/\/jornaldeitaipava.com.br\/index.php\/wp-json\/wp\/v2\/categories?post=38119"},{"taxonomy":"post_tag","embeddable":true,"href":"https:\/\/jornaldeitaipava.com.br\/index.php\/wp-json\/wp\/v2\/tags?post=38119"}],"curies":[{"name":"wp","href":"https:\/\/api.w.org\/{rel}","templated":true}]}}