{"id":38126,"date":"2024-01-31T12:27:53","date_gmt":"2024-01-31T15:27:53","guid":{"rendered":"http:\/\/jornaldeitaipava.com.br\/?p=38126"},"modified":"2024-01-31T12:27:56","modified_gmt":"2024-01-31T15:27:56","slug":"tribunal-de-justica-confirma-entendimento-da-prefeitura-quem-ganha-ate-5-salarios-minimos-tem-sim-direito-ao-aluguel-social","status":"publish","type":"post","link":"https:\/\/jornaldeitaipava.com.br\/index.php\/2024\/01\/31\/tribunal-de-justica-confirma-entendimento-da-prefeitura-quem-ganha-ate-5-salarios-minimos-tem-sim-direito-ao-aluguel-social\/","title":{"rendered":"Tribunal de Justi\u00e7a confirma entendimento da Prefeitura: quem ganha at\u00e9 5 sal\u00e1rios m\u00ednimos tem sim direito ao Aluguel Social"},"content":{"rendered":"\n<p class=\"has-text-align-center\"><strong>Desta vez, decis\u00e3o do TJ foi colegiada, da 6\u00aa C\u00e2mara de Direito P\u00fablico, por unanimidade<\/strong><\/p>\n\n\n\n<p>Os benefici\u00e1rios do Aluguel Social e a Prefeitura tiveram mais uma grande vit\u00f3ria nesta ter\u00e7a-feira (30): o Tribunal de Justi\u00e7a (TJ) confirmou decis\u00e3o judicial de abril de 2023 da 4\u00aa Vara C\u00edvel de Petr\u00f3polis, garantindo que quem ganha at\u00e9 5 sal\u00e1rios m\u00ednimos tem sim direito ao benef\u00edcio. Esse \u00e9 o entendimento da Prefeitura desde as chuvas de 2022: que o limite de renda familiar \u00e9 de 5 sal\u00e1rios m\u00ednimos.<\/p>\n\n\n\n<p>No entanto, no in\u00edcio de 2023, o governo do estado parou de pagar o benef\u00edcio para as fam\u00edlias que ganham mais de 3 sal\u00e1rios m\u00ednimos em Petr\u00f3polis. No entendimento do governo do estado, o teto em Petr\u00f3polis \u00e9 de 3 sal\u00e1rios m\u00ednimos, sendo de 5 sal\u00e1rios m\u00ednimos nos demais 91 munic\u00edpios do estado.<\/p>\n\n\n\n<p>Esta ter\u00e7a-feira (30) representou a segunda vit\u00f3ria da Prefeitura sobre esse assunto no Tribunal de Justi\u00e7a. Em junho de 2023, o desembargador-relator havia negado recurso impetrado pelo Governo do Estado. Agora, quem negou o recurso impetrado pelo Governo do Estado foi a 6\u00aa C\u00e2mara de Direito P\u00fablico do tribunal, por unanimidade. Ou seja, uma decis\u00e3o colegiada.<\/p>\n\n\n\n<p>\u201cA gente marcou posi\u00e7\u00e3o nesse assunto desde o in\u00edcio. As fam\u00edlias que ganham at\u00e9 5 sal\u00e1rios m\u00ednimos e que tiveram que deixar suas casas por conta das chuvas de 2022 s\u00e3o v\u00edtimas. V\u00edtimas da maior trag\u00e9dia clim\u00e1tica da hist\u00f3ria de Petr\u00f3polis. N\u00f3s nos colocamos ao lado delas para garantir o direito delas ao Aluguel Social. E o resultado veio. A Justi\u00e7a vem sendo feita\u201d, disse o prefeito Rubens Bomtempo.<\/p>\n\n\n\n<p>A Prefeitura entrou na Justi\u00e7a no in\u00edcio de 2023. Na a\u00e7\u00e3o, a Prefeitura solicitava a suspens\u00e3o da resolu\u00e7\u00e3o estadual 528, de 22 de mar\u00e7o de 2022. Dois dias ap\u00f3s o desastre das chuvas de 20 de mar\u00e7o, o governo do Estado mudava as regras do Aluguel Social em Petr\u00f3polis. Naquela nova regra, a fam\u00edlia teria que ter renda de at\u00e9 3 sal\u00e1rios m\u00ednimos, e n\u00e3o mais 5 sal\u00e1rios m\u00ednimos.<\/p>\n\n\n\n<p>Em abril, uma decis\u00e3o judicial da 4\u00aa Vara C\u00edvel de Petr\u00f3polis suspendeu essa mudan\u00e7a no teto da renda familiar dos benefici\u00e1rios. O principal motivo da decis\u00e3o: o fato de a resolu\u00e7\u00e3o limitar o benef\u00edcio somente para Petr\u00f3polis.<\/p>\n\n\n\n<p>O governo do estado recorreu da decis\u00e3o judicial ao Tribunal de Justi\u00e7a. E perdeu. Perdeu em junho de 2023 (decis\u00e3o do desembargador Geraldo da Silva Batista J\u00fanior) e perdeu agora, no dia 30 de janeiro (decis\u00e3o da 6\u00aa C\u00e2mara de Direito P\u00fablico, por unanimidade).<\/p>\n\n\n\n<p>&#8220;O governo do estado mudou a resolu\u00e7\u00e3o depois dos desastres das chuvas, depois do fato gerador do benef\u00edcio. E reduziu o teto somente para Petr\u00f3polis. Fora isso, no meio de 2022, a C\u00e2mara T\u00e9cnica Tripartite definiu que o teto era de 5 sal\u00e1rios m\u00ednimos. Ou seja, n\u00e3o tinha nada que justificasse o limite de 3 sal\u00e1rios m\u00ednimos\u201d, disse o secret\u00e1rio de Assist\u00eancia Social, Fernando Ara\u00fajo.<\/p>\n\n\n\n<p>A C\u00e2mara Tripartite foi uma inst\u00e2ncia criada em 2022 pela 4\u00aa Vara C\u00edvel, composta por munic\u00edpio, estado e sociedade civil, sob a supervis\u00e3o do Minist\u00e9rio P\u00fablico, para acompanhar o cadastro e o pagamento do aluguel social \u00e0s fam\u00edlias atingidas pelas chuvas de fevereiro e mar\u00e7o de 2022.<\/p>\n\n\n\n<p>\u201cAl\u00e9m das vit\u00f3rias que tivemos na 4\u00aa Vara C\u00edvel e no Tribunal de Justi\u00e7a, \u00e9 importante destacar que o Minist\u00e9rio P\u00fablico e a Defensoria P\u00fablica deram parecer favor\u00e1vel ao nosso processo\u201d, afirmou o procurador-geral do Munic\u00edpio, Miguel Barreto.<\/p>\n","protected":false},"excerpt":{"rendered":"<p>Desta vez, decis\u00e3o do TJ foi colegiada, da 6\u00aa C\u00e2mara de Direito P\u00fablico, por unanimidade<\/p>\n","protected":false},"author":1,"featured_media":11539,"comment_status":"closed","ping_status":"open","sticky":false,"template":"","format":"standard","meta":{"spay_email":"","footnotes":"","jetpack_publicize_message":""},"categories":[2],"tags":[],"jetpack_featured_media_url":"https:\/\/i0.wp.com\/jornaldeitaipava.com.br\/wp-content\/uploads\/2021\/03\/PALACIO-SERGIO-FADEL-1.jpg?fit=513%2C299&ssl=1","jetpack_publicize_connections":[],"jetpack_sharing_enabled":true,"jetpack_likes_enabled":true,"jetpack-related-posts":[],"_links":{"self":[{"href":"https:\/\/jornaldeitaipava.com.br\/index.php\/wp-json\/wp\/v2\/posts\/38126"}],"collection":[{"href":"https:\/\/jornaldeitaipava.com.br\/index.php\/wp-json\/wp\/v2\/posts"}],"about":[{"href":"https:\/\/jornaldeitaipava.com.br\/index.php\/wp-json\/wp\/v2\/types\/post"}],"author":[{"embeddable":true,"href":"https:\/\/jornaldeitaipava.com.br\/index.php\/wp-json\/wp\/v2\/users\/1"}],"replies":[{"embeddable":true,"href":"https:\/\/jornaldeitaipava.com.br\/index.php\/wp-json\/wp\/v2\/comments?post=38126"}],"version-history":[{"count":1,"href":"https:\/\/jornaldeitaipava.com.br\/index.php\/wp-json\/wp\/v2\/posts\/38126\/revisions"}],"predecessor-version":[{"id":38127,"href":"https:\/\/jornaldeitaipava.com.br\/index.php\/wp-json\/wp\/v2\/posts\/38126\/revisions\/38127"}],"wp:featuredmedia":[{"embeddable":true,"href":"https:\/\/jornaldeitaipava.com.br\/index.php\/wp-json\/wp\/v2\/media\/11539"}],"wp:attachment":[{"href":"https:\/\/jornaldeitaipava.com.br\/index.php\/wp-json\/wp\/v2\/media?parent=38126"}],"wp:term":[{"taxonomy":"category","embeddable":true,"href":"https:\/\/jornaldeitaipava.com.br\/index.php\/wp-json\/wp\/v2\/categories?post=38126"},{"taxonomy":"post_tag","embeddable":true,"href":"https:\/\/jornaldeitaipava.com.br\/index.php\/wp-json\/wp\/v2\/tags?post=38126"}],"curies":[{"name":"wp","href":"https:\/\/api.w.org\/{rel}","templated":true}]}}