{"id":38129,"date":"2024-02-01T09:53:00","date_gmt":"2024-02-01T12:53:00","guid":{"rendered":"http:\/\/jornaldeitaipava.com.br\/?p=38129"},"modified":"2024-02-01T09:53:03","modified_gmt":"2024-02-01T12:53:03","slug":"argylle-o-superespiao-e-a-grande-estreia-no-cinemaxx-veja-a-programacao-completa-das-salas","status":"publish","type":"post","link":"https:\/\/jornaldeitaipava.com.br\/index.php\/2024\/02\/01\/argylle-o-superespiao-e-a-grande-estreia-no-cinemaxx-veja-a-programacao-completa-das-salas\/","title":{"rendered":"\u201cARGYLLE \u2013 O SUPERESPI\u00c3O\u201d \u00c9 A GRANDE ESTREIA NO CINEMAXX: VEJA A PROGRAMA\u00c7\u00c3O COMPLETA DAS SALAS"},"content":{"rendered":"\n<p>A cinesemana que tem in\u00edcio quinta-feira, 01 de fevereiro, e que segue at\u00e9 a quarta-feira, 31 de janeiro, chega mantendo o Cinemaxx oferecendo os principais filmes do momento da s\u00e9tima arte.<br>\u201cArgylle &#8211; O Superespi\u00e3o\u201d \u00e9 um filme de com\u00e9dia e a\u00e7\u00e3o baseado na obra hom\u00f4nima de Elly Conway, que chega as telonas com muita a\u00e7\u00e3o e suspense e classifica\u00e7\u00e3o indicativa de 14 anos.<br>No filme, Elly (interpretada por Bryce Dallas Howard) \u00e9 uma renomada autora que ficou conhecida por uma s\u00e9rie de romances de espionagem que acompanham o agente Argylle (Henry Cavill). Por\u00e9m, inesperadamente, a trama de Elly deixa de ser apenas uma fic\u00e7\u00e3o e acaba se tornando realidade, colocando a escritora no centro de uma complexa e perigosa teia de trapa\u00e7as e assassinatos. Com a ajuda de Aiden (Sam Rockwell) e o gato Alfie &#8211; seu fiel companheiro &#8211; Elly deve lidar com as consequ\u00eancias do encontro entre o mundo real e fict\u00edcio.<br>Veja a programa\u00e7\u00e3o completa das salas Cinemaxx:<\/p>\n\n\n\n<p>SALA 1<br><strong>NOSSO LAR 2: OS MENSAGEIROS<br><\/strong>Drama \u2013 estr\u00e9ia<br>Classifica\u00e7\u00e3o: 12 anos<br>Hor\u00e1rio: 2D \u2013 Dublado \u2013 15h50 e 18h10<br>2\u00aa feira \u2013 dia 05 \u2013 n\u00e3o haver\u00e1 sess\u00e3o<br>SINOPSE: Sequ\u00eancia de Nosso Lar (2010), uma cidade astral onde esp\u00edritos v\u00e3o para aprender li\u00e7\u00f5es e conhecimentos. No novo longa, Andr\u00e9 Luiz (Renato Prieto) entra para um grupo de esp\u00edritos liderado por Ancieto (Edson Celulari) com a miss\u00e3o de ser mensageiros. Eles partem para a Terra para acompanhar uma miss\u00e3o que tem o risco de fracassar. O prop\u00f3sito \u00e9 ligar o mundo espiritual e a Terra. Juntos, o grupo se dedica a cuidar de tr\u00eas pessoas que fazem parte dessa miss\u00e3o, sem saber que s\u00e3o os escolhidos. Ot\u00e1vio (Felipe de Carolis), um jovem m\u00e9dium que n\u00e3o vem cumprindo com sua miss\u00e3o, Isidoro (Mouhamed Harfouch), um l\u00edder de casa esp\u00edrita e Fernando (Rafael Sieg), um empres\u00e1rio.. Saiba mais acessando: www.disney.com.br<\/p>\n\n\n\n<p>SALA 1<br><strong>TODOS MENOS VOC\u00ca<br><\/strong>Com\u00e9dia rom\u00e2ntica \u2013 2a semana<br>Classifica\u00e7\u00e3o: 16 anos<br>Hor\u00e1rio: 2D \u2013 Dublado \u2013 20h30<br>2\u00aa feira \u2013 dia 05 \u2013 n\u00e3o haver\u00e1 sess\u00e3o<br>SINOPSE. No filme Todos Menos Voc\u00ea, Bea (Sydney Sweeney) e Ben (Glen Powell) combinam um encontro ap\u00f3s se esbarrarem nos corredores da faculdade em que estudam. Em uma noite quase perfeita, o jovem casal possui tudo para manter o contato: qu\u00edmica, uma boa conversa e um incr\u00edvel desejo um pelo outro. No entanto, o primeiro encontro n\u00e3o passa disso, e a rela\u00e7\u00e3o de ambos se esfria at\u00e9 pararem de se falar. Anos ap\u00f3s a formatura, os dois acabam coincidentemente sendo convidados para o mesmo casamento na Austr\u00e1lia. Longe de casa e dos problemas, os dois acabam fazendo um trato, fingindo ser um casal para todos at\u00e9 o casamento acabar. Mas a tarefa se torna complicada quando os convidados e familiares percebem a antipatia que nutrem um pelo outro, fazendo com que tornem o trabalho mais convincente e os encontros mais frequentes. Saiba mais acessando: www.sonypictures.com.br<\/p>\n\n\n\n<p>SALA 2<br><strong>PR\u00cdNCIPE LU E A LENDA DO DRAG\u00c3O<br><\/strong>Fam\u00edlia \u2013 2a semana<br>Classifica\u00e7\u00e3o: 10 anos<br>Hor\u00e1rio: 2D \u2013 Brasil \u2013 15h15<br>2\u00aa feira \u2013 dia 05 \u2013 n\u00e3o haver\u00e1 sess\u00e3o<br>SINOPSE: Em Pr\u00edncipe Lu e a Lenda do Drag\u00e3o, o herdeiro de um reino encantado precisa combater um drag\u00e3o para proteger todos, mas ele prefere pregar pe\u00e7as na fam\u00edlia e nos amigos. O Pr\u00edncipe Lu (Luccas Neto) vai assumir o trono no Reino de Lucebra quando fizer 18 anos e, segundo a lenda, precisar\u00e1 combater o Drag\u00e3o da Maldade e salvar o povo da Terra M\u00e9dia. Por\u00e9m, ele n\u00e3o acredita na profecia e segue fazendo brincadeiras e pegadinhas pelo pal\u00e1cio. Depois de uma trag\u00e9dia, ele precisar\u00e1 amadurecer e sair em uma grande miss\u00e3o.. Saiba mais acessando: www.h2ofilms.com.br<\/p>\n\n\n\n<p>SALA 2<br><strong>ARGYLLE \u2013 O SUPERESPI\u00c3O<br><\/strong>A\u00e7\u00e3o, espionagem, suspense \u2013 estr\u00e9ia<br>Classifica\u00e7\u00e3o: 14 anos<br>Hor\u00e1rio: 2D \u2013 Dublado \u2013 17h45 e 20h15<br>2\u00aa feira \u2013 dia 05 \u2013 n\u00e3o haver\u00e1 sess\u00e3o<br>SINOPSE: Argylle &#8211; O Superespi\u00e3o \u00e9 um filme de com\u00e9dia e a\u00e7\u00e3o baseado na obra hom\u00f4nima de Elly Conway. No filme, Elly (interpretada por Bryce Dallas Howard) \u00e9 uma renomada autora que ficou conhecida por uma s\u00e9rie de romances de espionagem que acompanham o agente Argylle (Henry Cavill). Por\u00e9m, inesperadamente, a trama de Elly deixa de ser apenas uma fic\u00e7\u00e3o e acaba se tornando realidade, colocando a escritora no centro de uma complexa e perigosa teia de trapa\u00e7as e assassinatos. Com a ajuda de Aiden (Sam Rockwell) e o gato Alfie &#8211; seu fiel companheiro &#8211; Elly deve lidar com as consequ\u00eancias do encontro entre o mundo real e fict\u00edcio. Saiba mais acessando: www.universalpictures.com.br<\/p>\n\n\n\n<p>SALA 3<br><strong>PATOS<br><\/strong>Anima\u00e7\u00e3o, Aventura, fam\u00edlia, com\u00e9dia \u2013 5a semana<br>Classifica\u00e7\u00e3o: livre<br>Hor\u00e1rio: 2D \u2013 Dublado \u2013 15h30 \u2013 somente 5\u00aa feira, s\u00e1bado e 3\u00aa feira<br>SINOPSE: Patos! \u00e9 um filme infantil de anima\u00e7\u00e3o e aventura dirigido por Benjamin Renner (A Raposa M\u00e1, Ernest et C\u00e9lestine) e Guylo Homsy (Meu Malvado Favorito, O Lorax &#8211; Em Busca da Tr\u00fafula Perdida). A trama mostra uma fam\u00edlia de patos formada por Mack (Kumail Nanjiani) &#8211; o pai superprotetor -, Pam (Elizabeth Banks) &#8211; a m\u00e3e exploradora -, e os filhos Dax (Caspar Jennings) e Gwen (Tresi Gazal). Enquanto Pam tem o desejo de mostrar o mundo aos filhos, Mack s\u00f3 quer manter a fam\u00edlia em seguran\u00e7a no lago em que vivem na Nova Inglaterra. Por\u00e9m, quando um novo grupo de patos aparece no local com uma s\u00e9rie de hist\u00f3rias sobre viagens incr\u00edveis, a fam\u00edlia concorda em partir rumo \u00e0 Nova York, para visitar a Jamaica tropical. Mas a viagem come\u00e7a a se complicar.. Saiba mais acessando: www.universalpictures.com.br<\/p>\n\n\n\n<p>SALA 3<br><strong>WISH \u2013 O PODER DOS DESEJOS<br><\/strong>Aventura, anima\u00e7\u00e3o, fam\u00edlia \u2013 5a semana<br>Classifica\u00e7\u00e3o: livre<br>Hor\u00e1rio: 2D \u2013 Dublado \u2013 15h30 \u2013 somente 6\u00aa feira, domingo e 4\u00aa feira<br>SINOPSE: &#8220;Como surgiu a estrela dos desejos, sobre a qual tantos personagens desejavam?&#8221;. Essa \u00e9 a hist\u00f3ria de Asha, de 17 anos, uma otimista com uma intelig\u00eancia afiada que se preocupa infinitamente com sua comunidade. Em um momento de desespero, Asha faz um apelo apaixonado \u00e0s estrelas, que \u00e9 respondido por uma for\u00e7a c\u00f3smica, uma pequena bola de energia ilimitada chamada Estrela. Juntos, eles enfrentam o mais formid\u00e1vel dos inimigos para salvar sua comunidade e provar que quando a vontade de um humano corajoso se conecta com a magia das estrelas, coisas maravilhosas podem acontecer.. Saiba mais acessando: www.disney.com.br<\/p>\n\n\n\n<p>SALA 3<br><strong>MINHA IRM\u00c3 E EU<br><\/strong>Com\u00e9dia \u2013 5a semana<br>Classifica\u00e7\u00e3o: 14 anos<br>Hor\u00e1rio: 2D \u2013 Brasil \u2013 17h30<br>2\u00aa feira \u2013 dia 05 \u2013 n\u00e3o haver\u00e1 sess\u00e3o<br>SINOPSE: As irm\u00e3s Mirian (Ingrid) e Mirelly (Tat\u00e1 Werneck) nasceram em Rio Verde, no interior de Goi\u00e1s. Elas n\u00e3o realizaram o sonho da m\u00e3e, Dona M\u00e1rcia (Arlete Salles), de se tornarem uma dupla sertaneja e, al\u00e9m de terem seguido caminhos opostos, vivem em p\u00e9 de guerra. Mirian se casou e nunca saiu de sua cidade, acostumada \u00e0 rotina do interior. J\u00e1 Mirelly partiu para o Rio de Janeiro e sem demonstrar pra fam\u00edlia, passa todo o tipo de perrengue. Mas quando Dona M\u00e1rcia desaparece, elas t\u00eam que deixar de lado as diferen\u00e7as e se unir para procur\u00e1-la, numa viagem que pode mudar suas vidas\u2026 Saiba mais acessando: www.parisfilmes.com.br<\/p>\n\n\n\n<p>SALA 3<br><strong>AQUAMAN 2: O REINO PERDIDO<br><\/strong>Aventura, a\u00e7\u00e3o, fantasia \u2013 7a semana<br>Classifica\u00e7\u00e3o: 10 anos<br>Hor\u00e1rio: 2D \u2013 Dublado \u2013 20h<br>2\u00aa feira \u2013 dia 05 \u2013 n\u00e3o haver\u00e1 sess\u00e3o<br>SINOPSE: Aquaman 2 \u00e9 a sequ\u00eancia do filme Aquaman de 2018, que acompanha Arthur Curry (Jason Momoa), o filho do humano Tom Curry (Temuera Morrison) com a atlante Atlanna (Nicole Kidman). Ele cresce com a viv\u00eancia de um humano e as capacidades metahumanas de um atlante. Nesta sequ\u00eancia, depois de n\u00e3o conseguir derrotar o rei dos mares pela primeira vez, Arraia Negra (Yahya Abdul-Mateen II) utiliza o poder do m\u00edtico Tridente Negro para liberar uma for\u00e7a antiga e maligna. Na tentativa de proteger Atl\u00e2ntida e o resto do mundo, Aquaman deve forjar uma alian\u00e7a inc\u00f4moda com um aliado improv\u00e1vel e deixar as diferen\u00e7as de lado para evitar uma devasta\u00e7\u00e3o irrevers\u00edvel. . Saiba mais acessando: www.warnerbros.com.br<\/p>\n","protected":false},"excerpt":{"rendered":"<p>A cinesemana que tem in\u00edcio quinta-feira, 01 de fevereiro, e que segue at\u00e9 a quarta-feira,<\/p>\n","protected":false},"author":1,"featured_media":6221,"comment_status":"closed","ping_status":"open","sticky":false,"template":"","format":"standard","meta":{"spay_email":"","footnotes":"","jetpack_publicize_message":""},"categories":[1],"tags":[],"jetpack_featured_media_url":"https:\/\/i2.wp.com\/jornaldeitaipava.com.br\/wp-content\/uploads\/2020\/12\/cinemax.jpg?fit=553%2C300&ssl=1","jetpack_publicize_connections":[],"jetpack_sharing_enabled":true,"jetpack_likes_enabled":true,"jetpack-related-posts":[],"_links":{"self":[{"href":"https:\/\/jornaldeitaipava.com.br\/index.php\/wp-json\/wp\/v2\/posts\/38129"}],"collection":[{"href":"https:\/\/jornaldeitaipava.com.br\/index.php\/wp-json\/wp\/v2\/posts"}],"about":[{"href":"https:\/\/jornaldeitaipava.com.br\/index.php\/wp-json\/wp\/v2\/types\/post"}],"author":[{"embeddable":true,"href":"https:\/\/jornaldeitaipava.com.br\/index.php\/wp-json\/wp\/v2\/users\/1"}],"replies":[{"embeddable":true,"href":"https:\/\/jornaldeitaipava.com.br\/index.php\/wp-json\/wp\/v2\/comments?post=38129"}],"version-history":[{"count":1,"href":"https:\/\/jornaldeitaipava.com.br\/index.php\/wp-json\/wp\/v2\/posts\/38129\/revisions"}],"predecessor-version":[{"id":38130,"href":"https:\/\/jornaldeitaipava.com.br\/index.php\/wp-json\/wp\/v2\/posts\/38129\/revisions\/38130"}],"wp:featuredmedia":[{"embeddable":true,"href":"https:\/\/jornaldeitaipava.com.br\/index.php\/wp-json\/wp\/v2\/media\/6221"}],"wp:attachment":[{"href":"https:\/\/jornaldeitaipava.com.br\/index.php\/wp-json\/wp\/v2\/media?parent=38129"}],"wp:term":[{"taxonomy":"category","embeddable":true,"href":"https:\/\/jornaldeitaipava.com.br\/index.php\/wp-json\/wp\/v2\/categories?post=38129"},{"taxonomy":"post_tag","embeddable":true,"href":"https:\/\/jornaldeitaipava.com.br\/index.php\/wp-json\/wp\/v2\/tags?post=38129"}],"curies":[{"name":"wp","href":"https:\/\/api.w.org\/{rel}","templated":true}]}}