{"id":38131,"date":"2024-02-01T09:54:51","date_gmt":"2024-02-01T12:54:51","guid":{"rendered":"http:\/\/jornaldeitaipava.com.br\/?p=38131"},"modified":"2024-02-01T09:54:54","modified_gmt":"2024-02-01T12:54:54","slug":"rua-teresa-apresenta-mais-um-dia-de-festival-de-verao-promocoes-musica-e-picoles","status":"publish","type":"post","link":"https:\/\/jornaldeitaipava.com.br\/index.php\/2024\/02\/01\/rua-teresa-apresenta-mais-um-dia-de-festival-de-verao-promocoes-musica-e-picoles\/","title":{"rendered":"Rua Teresa apresenta mais um dia de \u201cFestival de Ver\u00e3o\u201d Promo\u00e7\u00f5es, m\u00fasica e picol\u00e9s"},"content":{"rendered":"\n<p>S\u00e1bado, dia 3 de fevereiro, ocorre o segundo dia do \u201cFestival de Ver\u00e3o\u201d promovido pela ARTE &#8211; Associa\u00e7\u00e3o da Rua Teresa &#8211; na maior polo de moda de Petr\u00f3polis. Petropolitanos e turistas poder\u00e3o aproveitar a programa\u00e7\u00e3o que conta com promo\u00e7\u00f5es especiais, m\u00fasica, cerveja e picol\u00e9s.<br>\u201cUm dos destaques do Festival de Ver\u00e3o \u00e9 que as lojas destacam pe\u00e7as para todos os p\u00fablicos com pre\u00e7os promocionais e as colocam em araras nas cal\u00e7adas, para chamar a aten\u00e7\u00e3o dos clientes e facilitar a escolha. Vale a pena aproveitar. Muitas lojas est\u00e3o em liquida\u00e7\u00e3o, \u00f3tima oportunidade de conquistar roupas para os dias mais quentes de ver\u00e3o\u201d, afirma a presidente da ARTE, Denise Fiorini.<br>Al\u00e9m disso, gra\u00e7as a uma parceria entre a ARTE e a Gelato Imperial, tickets com direito a picol\u00e9s gratuitos ser\u00e3o distribu\u00eddos para os clientes nas marcas associadas, conforme as regras de venda de cada estabelecimento.<br>Na programa\u00e7\u00e3o, ainda, venda de doces e m\u00fasica: \u00e0s 13h,com Carlos Ally, na Rua Teresa, 111.<br>As novidades da programa\u00e7\u00e3o do Festival de Ver\u00e3o, atra\u00e7\u00f5es musicais e gastron\u00f4micas, bem como funcionamento, curiosidades e promo\u00e7\u00f5es da nossa Rua, podem ser conferidos no Instagram oficial da ARTE (@ruateresaoficial).<\/p>\n","protected":false},"excerpt":{"rendered":"<p>S\u00e1bado, dia 3 de fevereiro, ocorre o segundo dia do \u201cFestival de Ver\u00e3o\u201d promovido pela<\/p>\n","protected":false},"author":1,"featured_media":38132,"comment_status":"closed","ping_status":"open","sticky":false,"template":"","format":"standard","meta":{"spay_email":"","footnotes":"","jetpack_publicize_message":""},"categories":[2],"tags":[],"jetpack_featured_media_url":"https:\/\/i1.wp.com\/jornaldeitaipava.com.br\/wp-content\/uploads\/2024\/02\/divulgacaoARTE.jpeg?fit=1062%2C878&ssl=1","jetpack_publicize_connections":[],"jetpack_sharing_enabled":true,"jetpack_likes_enabled":true,"jetpack-related-posts":[],"_links":{"self":[{"href":"https:\/\/jornaldeitaipava.com.br\/index.php\/wp-json\/wp\/v2\/posts\/38131"}],"collection":[{"href":"https:\/\/jornaldeitaipava.com.br\/index.php\/wp-json\/wp\/v2\/posts"}],"about":[{"href":"https:\/\/jornaldeitaipava.com.br\/index.php\/wp-json\/wp\/v2\/types\/post"}],"author":[{"embeddable":true,"href":"https:\/\/jornaldeitaipava.com.br\/index.php\/wp-json\/wp\/v2\/users\/1"}],"replies":[{"embeddable":true,"href":"https:\/\/jornaldeitaipava.com.br\/index.php\/wp-json\/wp\/v2\/comments?post=38131"}],"version-history":[{"count":1,"href":"https:\/\/jornaldeitaipava.com.br\/index.php\/wp-json\/wp\/v2\/posts\/38131\/revisions"}],"predecessor-version":[{"id":38133,"href":"https:\/\/jornaldeitaipava.com.br\/index.php\/wp-json\/wp\/v2\/posts\/38131\/revisions\/38133"}],"wp:featuredmedia":[{"embeddable":true,"href":"https:\/\/jornaldeitaipava.com.br\/index.php\/wp-json\/wp\/v2\/media\/38132"}],"wp:attachment":[{"href":"https:\/\/jornaldeitaipava.com.br\/index.php\/wp-json\/wp\/v2\/media?parent=38131"}],"wp:term":[{"taxonomy":"category","embeddable":true,"href":"https:\/\/jornaldeitaipava.com.br\/index.php\/wp-json\/wp\/v2\/categories?post=38131"},{"taxonomy":"post_tag","embeddable":true,"href":"https:\/\/jornaldeitaipava.com.br\/index.php\/wp-json\/wp\/v2\/tags?post=38131"}],"curies":[{"name":"wp","href":"https:\/\/api.w.org\/{rel}","templated":true}]}}