{"id":38134,"date":"2024-02-01T09:58:21","date_gmt":"2024-02-01T12:58:21","guid":{"rendered":"http:\/\/jornaldeitaipava.com.br\/?p=38134"},"modified":"2024-02-01T09:58:23","modified_gmt":"2024-02-01T12:58:23","slug":"folia-na-16-nova-edicao-da-feira-no-dia-4-de-fevereiro","status":"publish","type":"post","link":"https:\/\/jornaldeitaipava.com.br\/index.php\/2024\/02\/01\/folia-na-16-nova-edicao-da-feira-no-dia-4-de-fevereiro\/","title":{"rendered":"Folia na 16: nova edi\u00e7\u00e3o da feira no dia 4 de fevereiro"},"content":{"rendered":"\n<p class=\"has-text-align-center\"><strong>Feira de org\u00e2nicos, ado\u00e7\u00e3o de c\u00e3es, m\u00fasica, gastronomia e boas comprinhas<\/strong><\/p>\n\n\n\n<p><br>Domingo, dia 4 de fevereiro, ocorre mais uma edi\u00e7\u00e3o da Feira da 16. Desta vez, o tema ser\u00e1: Folia na 16. O evento entra no clima do carnaval e promete atra\u00e7\u00f5es para todos os p\u00fablicos: feira de org\u00e2nicos, ado\u00e7\u00e3o de c\u00e3es, m\u00fasica, comidinhas e chopp artesanal. A programa\u00e7\u00e3o ocorre das 10h \u00e0s 17h.<br>A feira tamb\u00e9m contar\u00e1 com a participa\u00e7\u00e3o do bloquinho &#8220;Incluir Petr\u00f3polis&#8221;, com concentra\u00e7\u00e3o \u00e0s 9h30 na Pra\u00e7a Dom Pedro e sa\u00edda \u00e0s 10h para a Rua 16 de Mar\u00e7o. E, ainda: ponto de coleta de tampinhas pl\u00e1sticas, lacres de alum\u00ednio e \u00f3leo de cozinha usado. A dica \u00e9: vista sua fantasia e aproveite!<br>\u201cMuito al\u00e9m de promover as marcas e proporcionar um momento feliz em fam\u00edlia para os nossos visitantes, essa edi\u00e7\u00e3o de carnaval mostra a import\u00e2ncia da inclus\u00e3o, da sustentabilidade, diversidade e alegria. \u00d3tima oportunidade para conhecer um pouco mais sobre os projetos participantes e novidades das marcas que est\u00e3o na 16\u201d, afirma Heitor Carneiro, integrante da Comiss\u00e3o Organizadora da Feira.<br>As atra\u00e7\u00f5es da Rua e novidades das lojas podem ser conferidas no Instagram oficial: @rua16demarco<\/p>\n\n\n\n<p><strong>Confira a programa\u00e7\u00e3o:<br><\/strong>Feira da 16 &#8211; 04 de fevereiro &#8211; 10h \u00e0s 17h<br>Tema: Folia na 16<br>10h \u00e0s 17h &#8211; Comidinhas e chopp artesanal<br>10h \u00e0s 17h &#8211; Feira de Org\u00e2nicos<br>10h \u00e0s 17h &#8211; Feira de ado\u00e7\u00e3o de c\u00e3es<br>10h \u00e0s 13h &#8211; Rafa Rodrigues &#8211; voz e viol\u00e3o<br>10h \u00e0s 13h &#8211; Jo\u00e3o Pedro Gomes (viol\u00e3o) e Guto Menezes (cavaquinho \/ viol\u00e3o)<br>10h \u00e0s 12h &#8211; Bloquinho Incluir Petr\u00f3polis<br>12h \u00e0s 13h &#8211; Hora do Conto na Livraria Nobel<br>13h \u00e0s 16h &#8211; Brincadeiras criativas com o Palha\u00e7o Salxicha e Palha\u00e7a Bailarina<br>14h \u00e0s 17h &#8211; Duas em Ponto &#8211; voz, viol\u00e3o e percuss\u00e3o<br>14h \u00e0s 17h &#8211; Samba Encantabreu &#8211; voz, cavaquinho e percuss\u00e3o<br>14h \u00e0s 17h &#8211; Melissa Maluly e William Belle &#8211; voz e guitarra<\/p>\n","protected":false},"excerpt":{"rendered":"<p>Feira de org\u00e2nicos, ado\u00e7\u00e3o de c\u00e3es, m\u00fasica, gastronomia e boas comprinhas Domingo, dia 4 de<\/p>\n","protected":false},"author":1,"featured_media":38135,"comment_status":"closed","ping_status":"open","sticky":false,"template":"","format":"standard","meta":{"spay_email":"","footnotes":"","jetpack_publicize_message":""},"categories":[1],"tags":[],"jetpack_featured_media_url":"https:\/\/i2.wp.com\/jornaldeitaipava.com.br\/wp-content\/uploads\/2024\/02\/Divulgacao.jpeg?fit=810%2C810&ssl=1","jetpack_publicize_connections":[],"jetpack_sharing_enabled":true,"jetpack_likes_enabled":true,"jetpack-related-posts":[],"_links":{"self":[{"href":"https:\/\/jornaldeitaipava.com.br\/index.php\/wp-json\/wp\/v2\/posts\/38134"}],"collection":[{"href":"https:\/\/jornaldeitaipava.com.br\/index.php\/wp-json\/wp\/v2\/posts"}],"about":[{"href":"https:\/\/jornaldeitaipava.com.br\/index.php\/wp-json\/wp\/v2\/types\/post"}],"author":[{"embeddable":true,"href":"https:\/\/jornaldeitaipava.com.br\/index.php\/wp-json\/wp\/v2\/users\/1"}],"replies":[{"embeddable":true,"href":"https:\/\/jornaldeitaipava.com.br\/index.php\/wp-json\/wp\/v2\/comments?post=38134"}],"version-history":[{"count":1,"href":"https:\/\/jornaldeitaipava.com.br\/index.php\/wp-json\/wp\/v2\/posts\/38134\/revisions"}],"predecessor-version":[{"id":38136,"href":"https:\/\/jornaldeitaipava.com.br\/index.php\/wp-json\/wp\/v2\/posts\/38134\/revisions\/38136"}],"wp:featuredmedia":[{"embeddable":true,"href":"https:\/\/jornaldeitaipava.com.br\/index.php\/wp-json\/wp\/v2\/media\/38135"}],"wp:attachment":[{"href":"https:\/\/jornaldeitaipava.com.br\/index.php\/wp-json\/wp\/v2\/media?parent=38134"}],"wp:term":[{"taxonomy":"category","embeddable":true,"href":"https:\/\/jornaldeitaipava.com.br\/index.php\/wp-json\/wp\/v2\/categories?post=38134"},{"taxonomy":"post_tag","embeddable":true,"href":"https:\/\/jornaldeitaipava.com.br\/index.php\/wp-json\/wp\/v2\/tags?post=38134"}],"curies":[{"name":"wp","href":"https:\/\/api.w.org\/{rel}","templated":true}]}}