{"id":38137,"date":"2024-02-01T09:59:24","date_gmt":"2024-02-01T12:59:24","guid":{"rendered":"http:\/\/jornaldeitaipava.com.br\/?p=38137"},"modified":"2024-02-01T09:59:26","modified_gmt":"2024-02-01T12:59:26","slug":"andre-doninski-trio-se-apresenta-na-casa-stefan-zweig-no-sabado","status":"publish","type":"post","link":"https:\/\/jornaldeitaipava.com.br\/index.php\/2024\/02\/01\/andre-doninski-trio-se-apresenta-na-casa-stefan-zweig-no-sabado\/","title":{"rendered":"ANDRE DONINSKI TRIO SE APRESENTA NA CASA STEFAN ZWEIG NO S\u00c1BADO"},"content":{"rendered":"\n<p>O pianista Andre Doninski volta a se apresentar na Casa Stefan Zweig no s\u00e1bado, 3 de fevereiro, \u00e0s 11h, mas agora em forma\u00e7\u00e3o de trio e com novas composi\u00e7\u00f5es. O concerto \u201cAndre Doninski Trio\u201d faz parte da programa\u00e7\u00e3o cultural Casa Stefan Zweig 2024, contemplada com o edital do Fundo Municipal de Cultura.<br>\u201cO \u2018Andr\u00e9 Doninski Trio\u2019 \u00e9 um trabalho de m\u00fasica instrumental. O repert\u00f3rio do grupo tem influ\u00eancia de v\u00e1rias vertentes musicais, como o jazz, o samba-jazz, o blues e a m\u00fasica regional brasileira\u201d conta Doninski, compositor das pe\u00e7as a serem apresentadas. Os arranjos foram desenvolvidos organicamente junto com Santiago (bateria) e Henrique Verleun (contrabaixo).<br>As reservas poder\u00e3o ser feitas pelo e-mail: casastefanzweig@gmail.com ou pelo WhatsApp 24 992 566 532.<br>O concerto \u201cAndre Doninski Trio\u201d integra a programa\u00e7\u00e3o cultural da Casa Stefan Zweig 2024, que tem o patroc\u00ednio da Prefeitura Municipal de Petr\u00f3polis, por meio do Fundo Municipal de Cultural.<\/p>\n\n\n\n<p><strong>Sobre os m\u00fasicos<br><\/strong>Andr\u00e9 Doninski \u00e9 compositor, arranjador e int\u00e9rprete. Com uma carreira de mais de 20 anos, Doninski j\u00e1 participou em diversas forma\u00e7\u00f5es, em eventos e festivais, em projetos nacionais e internacionais, realizando tamb\u00e9m composi\u00e7\u00e3o de trilhas sonoras. A versatilidade de seu repert\u00f3rio abrange uma grande variedade de g\u00eaneros e estilos, al\u00e9m da bossa, samba e choro, standards de jazz, cl\u00e1ssicos do cinema, m\u00fasicas francesas, italianas, dentre outras, sempre buscando harmonias sofisticadas. Destacam-se como suas influ\u00eancias musicais Egberto Gismonti, Hermeto Pascoal, Milton Nascimento, Francis Hime, Toninho Horta, Michel Petrucciani, Bill Evans, Pat Metheny, Mc Coy Tyner e Keith Jarret.<br>Henrique Verleun \u00e9 multi-instrumentista e no contrabaixo, explora estilos que v\u00e3o do punk ao jazz. Henrique tamb\u00e9m \u00e9 poeta, compositor, produtor e artista multim\u00eddia. Sua presen\u00e7a ativa e engajamento abrangem diversas frentes do cen\u00e1rio cultural, contribuindo de maneira singular e relevante para a cena art\u00edstica da cidade.<br>Santiago \u00e9 m\u00fasico instrumentista, com 30 anos de profiss\u00e3o e trabalhou com diversos artistas da nossa m\u00fasica popular brasileira como Maicon Sullivan, Lana Bittencourt, Gabi Moura, Jorge Arag\u00e3o entre outros. Foi m\u00fasico militar (cabo m\u00fasico do ex\u00e9rcito) por 8 anos. Logo ap\u00f3s recebe um convite para gravar o Dvd da Alcione tocando percuss\u00f5es maranhense (dvd Uma nova paix\u00e3o).<\/p>\n\n\n\n<p><strong>Sobre a Casa Stefan Zweig<br><\/strong>A CASA STEFAN ZWEIG homenageia a mem\u00f3ria do escritor austr\u00edaco em sua \u00faltima morada. \u00c9 tamb\u00e9m um Memorial do Ex\u00edlio, destinado a divulgar as obras de outros artistas, intelectuais e cientistas que se refugiaram no Brasil durante no per\u00edodo 1933-1945 e que contribu\u00edram para a cultura, as artes e a ci\u00eancia do pa\u00eds.<br>Al\u00e9m de atividades culturais como exposi\u00e7\u00f5es, palestras e cineclube, a CASA STEFAN ZWEIG tem parcerias com entidades afins, oferecendo acesso online a pesquisadores e ao p\u00fablico em geral. A CASA STEFAN ZWEIG busca o envolvimento da comunidade petropolitana, com \u00eanfase no p\u00fablico jovem (estudantes de escolas p\u00fablicas e privadas). Fiel ao ide\u00e1rio de Stefan Zweig, pretende ser um centro de refer\u00eancia em defesa da paz, do humanismo e da democracia.<\/p>\n","protected":false},"excerpt":{"rendered":"<p>O pianista Andre Doninski volta a se apresentar na Casa Stefan Zweig no s\u00e1bado, 3<\/p>\n","protected":false},"author":1,"featured_media":38138,"comment_status":"closed","ping_status":"open","sticky":false,"template":"","format":"standard","meta":{"spay_email":"","footnotes":"","jetpack_publicize_message":""},"categories":[1],"tags":[],"jetpack_featured_media_url":"https:\/\/i0.wp.com\/jornaldeitaipava.com.br\/wp-content\/uploads\/2024\/02\/Imagem-do-WhatsApp-de-2024-01-22-as-19.19.34_8b95c7dc.jpg?fit=1280%2C960&ssl=1","jetpack_publicize_connections":[],"jetpack_sharing_enabled":true,"jetpack_likes_enabled":true,"jetpack-related-posts":[],"_links":{"self":[{"href":"https:\/\/jornaldeitaipava.com.br\/index.php\/wp-json\/wp\/v2\/posts\/38137"}],"collection":[{"href":"https:\/\/jornaldeitaipava.com.br\/index.php\/wp-json\/wp\/v2\/posts"}],"about":[{"href":"https:\/\/jornaldeitaipava.com.br\/index.php\/wp-json\/wp\/v2\/types\/post"}],"author":[{"embeddable":true,"href":"https:\/\/jornaldeitaipava.com.br\/index.php\/wp-json\/wp\/v2\/users\/1"}],"replies":[{"embeddable":true,"href":"https:\/\/jornaldeitaipava.com.br\/index.php\/wp-json\/wp\/v2\/comments?post=38137"}],"version-history":[{"count":1,"href":"https:\/\/jornaldeitaipava.com.br\/index.php\/wp-json\/wp\/v2\/posts\/38137\/revisions"}],"predecessor-version":[{"id":38139,"href":"https:\/\/jornaldeitaipava.com.br\/index.php\/wp-json\/wp\/v2\/posts\/38137\/revisions\/38139"}],"wp:featuredmedia":[{"embeddable":true,"href":"https:\/\/jornaldeitaipava.com.br\/index.php\/wp-json\/wp\/v2\/media\/38138"}],"wp:attachment":[{"href":"https:\/\/jornaldeitaipava.com.br\/index.php\/wp-json\/wp\/v2\/media?parent=38137"}],"wp:term":[{"taxonomy":"category","embeddable":true,"href":"https:\/\/jornaldeitaipava.com.br\/index.php\/wp-json\/wp\/v2\/categories?post=38137"},{"taxonomy":"post_tag","embeddable":true,"href":"https:\/\/jornaldeitaipava.com.br\/index.php\/wp-json\/wp\/v2\/tags?post=38137"}],"curies":[{"name":"wp","href":"https:\/\/api.w.org\/{rel}","templated":true}]}}