{"id":38153,"date":"2024-02-03T15:06:07","date_gmt":"2024-02-03T18:06:07","guid":{"rendered":"http:\/\/jornaldeitaipava.com.br\/?p=38153"},"modified":"2024-02-03T15:06:09","modified_gmt":"2024-02-03T18:06:09","slug":"circo-do-shopping-vilarejo-acontece-neste-domingo-para-fechar-em-alto-astral-as-ferias-da-criancada","status":"publish","type":"post","link":"https:\/\/jornaldeitaipava.com.br\/index.php\/2024\/02\/03\/circo-do-shopping-vilarejo-acontece-neste-domingo-para-fechar-em-alto-astral-as-ferias-da-criancada\/","title":{"rendered":"Circo do Shopping Vilarejo acontece neste domingo para fechar em alto astral as f\u00e9rias da crian\u00e7ada"},"content":{"rendered":"\n<p>Evento faz parte da \u201cCol\u00f4nia de F\u00e9rias \u00e0 Moda Antiga\u201d, que tem programa\u00e7\u00e3o at\u00e9 o Carnaval<br>Com a volta \u00e0s aulas se aproximando, o Shopping Vilarejo, em Itaipava, tem a melhor programa\u00e7\u00e3o para a crian\u00e7ada se despedir das f\u00e9rias. Com muita anima\u00e7\u00e3o e risada garantida, neste domingo (4) vai ter espet\u00e1culo de circo. A partir das 15h, as gargalhadas ser\u00e3o comandadas pelo grupo Abracadabra, com apresenta\u00e7\u00e3o de m\u00e1gicas, pernas de pau, palha\u00e7os, malabares, ventr\u00edloco, oficina de m\u00e1gica e personagens. E o melhor de tudo \u00e9 que toda a programa\u00e7\u00e3o \u00e9 gratuita e livre para todas as idades.<br>A apresenta\u00e7\u00e3o faz parte da programa\u00e7\u00e3o da \u201cCol\u00f4nia de F\u00e9rias \u00e0 Moda Antiga\u201d, que foi sucesso ao longo de todo o m\u00eas de janeiro no shopping e ainda ter\u00e1 programa\u00e7\u00e3o durante o carnaval, com a melhor festa da serra.<br>Al\u00e9m da programa\u00e7\u00e3o, o Shopping Vilarejo tem hoje um dos melhores polos gastron\u00f4micos de Itaipava, com op\u00e7\u00f5es para todos os gostos. Al\u00e9m das variadas lojas que estar\u00e3o abertas para atender ao p\u00fablico.<br>\u201cA programa\u00e7\u00e3o das f\u00e9rias ao longo do m\u00eas de janeiro foi um sucesso. Nesses primeiros dias de fevereiro, n\u00e3o ser\u00e1 diferente. O encerramento das f\u00e9rias com o Circo do Vilarejo \u00e9 a melhor pedida para a crian\u00e7ada e na semana seguinte o nosso carnaval promete ser a melhor folia da regi\u00e3o\u201d, antecipa Tiago Corr\u00eaa, administrador do shopping.<\/p>\n\n\n\n<p>Carnaval Shopping Vilarejo com Taru\u00edra<br>O Carnaval do Shopping Vilarejo \u00e9 o mais concorrido da regi\u00e3o e n\u00e3o falta anima\u00e7\u00e3o, boa m\u00fasica, gastronomia de excel\u00eancia em um ambiente acolhedor e seguro. A programa\u00e7\u00e3o come\u00e7a voltada aos pequenos com o Carnavau Au, Au, s\u00e1bado, e os bailinhos com o Taru\u00edra, para toda a fam\u00edlia, de domingo \u00e0 ter\u00e7a-feira. E toda a programa\u00e7\u00e3o tem entrada franca.<br>No s\u00e1bado (10), \u00e0s 16h, o \u201cCarnavau Au Au\u201d, apresenta a competi\u00e7\u00e3o mais fofa e divertida de Itaipava. Nela, crian\u00e7as e seus pets que estiverem fantasiados podem concorrer \u00e0 pr\u00eamios imperd\u00edveis. O bailinho com marchinhas de carnaval ser\u00e1 comandado pelo DJ Cris.<br>No domingo (11), segunda (12) e ter\u00e7a-feira (13) de Carnaval, sobe ao palco o tradicional grupo petropolitanto, Taru\u00edra. Nos tr\u00eas dias, das 16h \u00e0 20h, o grupo promete agitar o p\u00fablico com marchinhas, muito samba e chorinho, al\u00e9m de uma pegada pop.<br>Completando a programa\u00e7\u00e3o do Carnaval Shopping Vilarejo, de sexta a segunda-feira, quem mant\u00e9m a energia l\u00e1 em cima, entre 20h e 23h, \u00e9 o DJ Cris.<\/p>\n\n\n\n<p>Servi\u00e7o:<br>Circo no Vilarejo<br>Data: Domingo (04\/02)<br>Hor\u00e1rio: 15h<br>Endere\u00e7o: Estrada Uni\u00e3o e Ind\u00fastria, 10.035 \u2013 Itaipava \u2013 Petr\u00f3polis\/RJ<br>Entrada: gratuita<\/p>\n\n\n\n<p>Carnavau Au, Au<br>Data: 10 de fevereiro<br>Hor\u00e1rio: das 16h \u00e0s 20h<br>Com DJ Cris<br>Concurso de fantasia mais bacana da crian\u00e7a e seu pet<br>Endere\u00e7o: Estrada Uni\u00e3o e Ind\u00fastria, 10.035 \u2013 Itaipava \u2013 Petr\u00f3polis\/RJ<br>Entrada: gratuita<\/p>\n\n\n\n<p>Carnaval Vilarejo com grupo Taru\u00edra<br>Data: domingo, segunda e ter\u00e7a &#8211; 11, 12 e 13 fevereiro<br>Hor\u00e1rio: das 16h \u00e0s 20h<br>DJ Cris nas noites de sexta, s\u00e1bado, domingo e segunda (09 a 12), de 20h \u00e0s 23h.<br>Endere\u00e7o: Estrada Uni\u00e3o e Ind\u00fastria, 10.035 \u2013 Itaipava \u2013 Petr\u00f3polis\/RJ<br>Entrada: gratuita<\/p>\n\n\n\n<p>Programa\u00e7\u00e3o e informa\u00e7\u00f5es no Instagram do Vilarejo em @shoppingvilarejo<br>Shopping Vilarejo<br>Assessoria de imprensa<br>Estela Siqueira (24) 99818-6386<br>Raphaela Cordeiro (24) 98805-4622<\/p>\n","protected":false},"excerpt":{"rendered":"<p>Evento faz parte da \u201cCol\u00f4nia de F\u00e9rias \u00e0 Moda Antiga\u201d, que tem programa\u00e7\u00e3o at\u00e9 o<\/p>\n","protected":false},"author":1,"featured_media":38154,"comment_status":"closed","ping_status":"open","sticky":false,"template":"","format":"standard","meta":{"spay_email":"","footnotes":"","jetpack_publicize_message":""},"categories":[1],"tags":[],"jetpack_featured_media_url":"https:\/\/i0.wp.com\/jornaldeitaipava.com.br\/wp-content\/uploads\/2024\/02\/WhatsApp-Image-2024-02-02-at-17.33.33.jpeg?fit=1152%2C648&ssl=1","jetpack_publicize_connections":[],"jetpack_sharing_enabled":true,"jetpack_likes_enabled":true,"jetpack-related-posts":[],"_links":{"self":[{"href":"https:\/\/jornaldeitaipava.com.br\/index.php\/wp-json\/wp\/v2\/posts\/38153"}],"collection":[{"href":"https:\/\/jornaldeitaipava.com.br\/index.php\/wp-json\/wp\/v2\/posts"}],"about":[{"href":"https:\/\/jornaldeitaipava.com.br\/index.php\/wp-json\/wp\/v2\/types\/post"}],"author":[{"embeddable":true,"href":"https:\/\/jornaldeitaipava.com.br\/index.php\/wp-json\/wp\/v2\/users\/1"}],"replies":[{"embeddable":true,"href":"https:\/\/jornaldeitaipava.com.br\/index.php\/wp-json\/wp\/v2\/comments?post=38153"}],"version-history":[{"count":1,"href":"https:\/\/jornaldeitaipava.com.br\/index.php\/wp-json\/wp\/v2\/posts\/38153\/revisions"}],"predecessor-version":[{"id":38155,"href":"https:\/\/jornaldeitaipava.com.br\/index.php\/wp-json\/wp\/v2\/posts\/38153\/revisions\/38155"}],"wp:featuredmedia":[{"embeddable":true,"href":"https:\/\/jornaldeitaipava.com.br\/index.php\/wp-json\/wp\/v2\/media\/38154"}],"wp:attachment":[{"href":"https:\/\/jornaldeitaipava.com.br\/index.php\/wp-json\/wp\/v2\/media?parent=38153"}],"wp:term":[{"taxonomy":"category","embeddable":true,"href":"https:\/\/jornaldeitaipava.com.br\/index.php\/wp-json\/wp\/v2\/categories?post=38153"},{"taxonomy":"post_tag","embeddable":true,"href":"https:\/\/jornaldeitaipava.com.br\/index.php\/wp-json\/wp\/v2\/tags?post=38153"}],"curies":[{"name":"wp","href":"https:\/\/api.w.org\/{rel}","templated":true}]}}