{"id":38156,"date":"2024-02-03T15:08:32","date_gmt":"2024-02-03T18:08:32","guid":{"rendered":"http:\/\/jornaldeitaipava.com.br\/?p=38156"},"modified":"2024-02-03T15:08:33","modified_gmt":"2024-02-03T18:08:33","slug":"vereador-de-oposicao-e-prefeitura-trabalham-juntos-para-manter-empregos-dos-rodoviarios","status":"publish","type":"post","link":"https:\/\/jornaldeitaipava.com.br\/index.php\/2024\/02\/03\/vereador-de-oposicao-e-prefeitura-trabalham-juntos-para-manter-empregos-dos-rodoviarios\/","title":{"rendered":"Vereador de oposi\u00e7\u00e3o e Prefeitura trabalham juntos para manter empregos dos rodovi\u00e1rios"},"content":{"rendered":"\n<p>Ap\u00f3s mais dois acidentes envolvendo \u00f4nibus da via\u00e7\u00e3o Petro Ita nesta semana e diante dos fortes rumores de que linhas pertencentes \u00e0 empresa ser\u00e3o repassadas para a Cidade Real, o vereador Eduardo do Blog refor\u00e7ou sua preocupa\u00e7\u00e3o com os empregos dos rodovi\u00e1rios.<br>Segundo informa\u00e7\u00f5es ainda n\u00e3o confirmadas, algumas linhas da Petro Ita e tamb\u00e9m da Cascatinha seriam transferidas para as via\u00e7\u00f5es Cidade Real e Turp, respectivamente. A quest\u00e3o est\u00e1 judicializada e, enquanto n\u00e3o houver uma decis\u00e3o final por parte da Justi\u00e7a, rodovi\u00e1rios convivem com o medo de perder seus postos de trabalho.<br>O vereador se reuniu com secret\u00e1rios de governo e reafirmou que ir\u00e1 lutar at\u00e9 o fim para que os empregos sejam mantidos diante do quadro de inseguran\u00e7a vivido pela categoria.<br>&#8220;Sabemos que estas empresas n\u00e3o prestam um bom servi\u00e7o \u00e0 popula\u00e7\u00e3o e que mudan\u00e7as s\u00e3o necess\u00e1rias, por\u00e9m, \u00e9 preciso que os empregos de motoristas, cobradores, fiscais e demais profissionais sejam preservados. A decis\u00e3o vir\u00e1 da Justi\u00e7a e a prefeitura est\u00e1 ciente e comprometida conosco em proteger nossos rodovi\u00e1rios e o sustento de suas fam\u00edlias&#8221;, disse o vereador.<br>O Sindicato dos Rodovi\u00e1rios tamb\u00e9m acompanha com apreens\u00e3o a situa\u00e7\u00e3o. Durante reuni\u00e3o com o Presidente da CPTrans, Tiago Damasceno, pouca coisa ficou esclarecida. Em nota a entidade declarou que est\u00e1 trabalhando para buscar uma solu\u00e7\u00e3o justa e equitativa para todas as partes envolvidas.<br>&#8220;Ressaltamos o papel fundamental Sindicato dos Trabalhadores como uma institui\u00e7\u00e3o leg\u00edtima que defende os interesses da categoria. Estamos atentos \u00e0s altera\u00e7\u00f5es no contexto do transporte p\u00fablico e, diante dessa poss\u00edvel mudan\u00e7a nas rotas, queremos assegurar que nenhum trabalhador seja prejudicado. Para cumprir com efic\u00e1cia o nosso papel, a equipe jur\u00eddica do sindicato est\u00e1 trabalhando incansavelmente na tentativa de tornar a entidade parte interessada no processo judicial em andamento. Isso visa garantir que tenhamos acesso a informa\u00e7\u00f5es claras e precisas, acompanhando de perto cada passo legal relacionado a essa quest\u00e3o&#8221;.<\/p>\n","protected":false},"excerpt":{"rendered":"<p>Ap\u00f3s mais dois acidentes envolvendo \u00f4nibus da via\u00e7\u00e3o Petro Ita nesta semana e diante dos<\/p>\n","protected":false},"author":1,"featured_media":38157,"comment_status":"closed","ping_status":"open","sticky":false,"template":"","format":"standard","meta":{"spay_email":"","footnotes":"","jetpack_publicize_message":""},"categories":[2],"tags":[],"jetpack_featured_media_url":"https:\/\/i2.wp.com\/jornaldeitaipava.com.br\/wp-content\/uploads\/2024\/02\/Vereador-Eduardo-do-Blog-1.jpeg?fit=1600%2C1110&ssl=1","jetpack_publicize_connections":[],"jetpack_sharing_enabled":true,"jetpack_likes_enabled":true,"jetpack-related-posts":[],"_links":{"self":[{"href":"https:\/\/jornaldeitaipava.com.br\/index.php\/wp-json\/wp\/v2\/posts\/38156"}],"collection":[{"href":"https:\/\/jornaldeitaipava.com.br\/index.php\/wp-json\/wp\/v2\/posts"}],"about":[{"href":"https:\/\/jornaldeitaipava.com.br\/index.php\/wp-json\/wp\/v2\/types\/post"}],"author":[{"embeddable":true,"href":"https:\/\/jornaldeitaipava.com.br\/index.php\/wp-json\/wp\/v2\/users\/1"}],"replies":[{"embeddable":true,"href":"https:\/\/jornaldeitaipava.com.br\/index.php\/wp-json\/wp\/v2\/comments?post=38156"}],"version-history":[{"count":1,"href":"https:\/\/jornaldeitaipava.com.br\/index.php\/wp-json\/wp\/v2\/posts\/38156\/revisions"}],"predecessor-version":[{"id":38158,"href":"https:\/\/jornaldeitaipava.com.br\/index.php\/wp-json\/wp\/v2\/posts\/38156\/revisions\/38158"}],"wp:featuredmedia":[{"embeddable":true,"href":"https:\/\/jornaldeitaipava.com.br\/index.php\/wp-json\/wp\/v2\/media\/38157"}],"wp:attachment":[{"href":"https:\/\/jornaldeitaipava.com.br\/index.php\/wp-json\/wp\/v2\/media?parent=38156"}],"wp:term":[{"taxonomy":"category","embeddable":true,"href":"https:\/\/jornaldeitaipava.com.br\/index.php\/wp-json\/wp\/v2\/categories?post=38156"},{"taxonomy":"post_tag","embeddable":true,"href":"https:\/\/jornaldeitaipava.com.br\/index.php\/wp-json\/wp\/v2\/tags?post=38156"}],"curies":[{"name":"wp","href":"https:\/\/api.w.org\/{rel}","templated":true}]}}