{"id":38159,"date":"2024-02-03T15:15:28","date_gmt":"2024-02-03T18:15:28","guid":{"rendered":"http:\/\/jornaldeitaipava.com.br\/?p=38159"},"modified":"2024-02-03T15:15:31","modified_gmt":"2024-02-03T18:15:31","slug":"704-mil-casos-sao-esperados-anualmente-no-brasil-em-todo-mundo-esse-numero-chega-a-10-milhoes","status":"publish","type":"post","link":"https:\/\/jornaldeitaipava.com.br\/index.php\/2024\/02\/03\/704-mil-casos-sao-esperados-anualmente-no-brasil-em-todo-mundo-esse-numero-chega-a-10-milhoes\/","title":{"rendered":"704 mil casos s\u00e3o esperados anualmente no Brasil; em todo mundo esse n\u00famero chega a 10 milh\u00f5es"},"content":{"rendered":"\n<p class=\"has-text-align-center\"><a><strong>Dia Mundial de Combate ao C\u00e2ncer: desafios e esperan\u00e7as na luta contra a doen\u00e7a<\/strong><\/a><\/p>\n\n\n\n<p>\u00a0No Brasil, s\u00e3o esperados 704 mil casos de c\u00e2ncer anualmente, de acordo com o Instituto Nacional de C\u00e2ncer \u2013 INCA.\u00a0\u00a0Em meio a um cen\u00e1rio marcado por desafios, o Dia Mundial de Combate ao C\u00e2ncer, celebrado no domingo (04.02) destaca a import\u00e2ncia da conscientiza\u00e7\u00e3o, preven\u00e7\u00e3o e tratamento dessa doen\u00e7a como pap\u00e9is fundamentais na luta contra a enfermidade. M\u00e9dico oncologista do Centro de Terapia Oncol\u00f3gico (CTO) de Petr\u00f3polis, Pedro Ismael destaca a necessidade de campanhas educativas que promovam a import\u00e2ncia do diagn\u00f3stico precoce.<\/p>\n\n\n\n<p>Estrat\u00e9gias baseadas em evid\u00eancias, como o controle do tabaco e a vacina\u00e7\u00e3o contra o HPV, s\u00e3o fundamentais para reduzir a incid\u00eancia da doen\u00e7a. &#8220;Um ter\u00e7o dos casos de c\u00e2ncer poderia ser evitado por meio de interven\u00e7\u00f5es vi\u00e1veis&#8221;, ressalta o oncologista. A conex\u00e3o entre estilo de vida e preven\u00e7\u00e3o ganha destaque, especialmente diante do alarmante aumento de neoplasias gastrintestinais. &#8220;H\u00e1bitos alimentares inadequados, aliados ao sedentarismo e outros comportamentos prejudiciais, contribuem significativamente para esse cen\u00e1rio preocupante&#8221;, alerta Pedro Ismael.&nbsp;<\/p>\n\n\n\n<p>Apesar disso, destaca o m\u00e9dico, estamos vivendo uma era importante na medicina, com constantes avan\u00e7os na compreens\u00e3o do c\u00e2ncer e no desenvolvimento de tratamentos mais eficazes e menos invasivos. \u201cIsso nos permite oferecer op\u00e7\u00f5es mais promissoras aos pacientes&#8221;, enfatiza Dr. Pedro Ismael.<\/p>\n\n\n\n<p>O futuro do tratamento do c\u00e2ncer promete ser menos invasivo e mais eficaz com as terapias personalizadas e imunoterapias na vanguarda. Tratamentos direcionados e a terapia celular CAR-T representam avan\u00e7os not\u00e1veis. A oncologia de precis\u00e3o surge como uma poderosa ferramenta ao analisar a composi\u00e7\u00e3o gen\u00e9tica e as caracter\u00edsticas moleculares dos tumores em cada paciente. Esse enfoque personalizado permite tratamentos mais direcionados, minimizando danos \u00e0s c\u00e9lulas saud\u00e1veis e reduzindo os efeitos colaterais.<\/p>\n\n\n\n<p>&nbsp;Mas, apesar dos progressos, desafios persistentes afetam a luta contra o c\u00e2ncer. Barreiras socioecon\u00f4micas muitas vezes dificultam o acesso a tratamentos de qualidade, revelando a necessidade de iniciativas que promovam a igualdade no acesso \u00e0 sa\u00fade. &#8220;\u00c9 vital enfrentar as disparidades no acesso ao tratamento. Precisamos garantir que todos, independentemente de sua situa\u00e7\u00e3o financeira, tenham a oportunidade de receber cuidados adequados&#8221;, destaca Pedro Ismael.<\/p>\n\n\n\n<p>A forma\u00e7\u00e3o de redes de apoio ao paciente tamb\u00e9m \u00e9 de fundamental import\u00e2ncia na luta contra a doen\u00e7a.&nbsp;&nbsp;&nbsp;E ela deve incluir al\u00e9m dos pacientes, familiares, amigos e profissionais de sa\u00fade que contribuam para um ambiente de compreens\u00e3o, suporte emocional e troca de informa\u00e7\u00f5es.<\/p>\n\n\n\n<p>&#8220;O apoio m\u00fatuo \u00e9 fundamental. Os pacientes enfrentam desafios f\u00edsicos e emocionais, e ter uma rede de suporte ao seu redor pode fazer toda a diferen\u00e7a na qualidade de vida durante o tratamento&#8221;, afirma o Pedro Ismael.<\/p>\n\n\n\n<p>Neste Dia Nacional de Combate ao C\u00e2ncer, a mensagem \u00e9 clara: a luta contra essa doen\u00e7a requer esfor\u00e7os conjuntos, desde a conscientiza\u00e7\u00e3o at\u00e9 a pesquisa cient\u00edfica e o comprometimento com a igualdade no acesso ao tratamento. Com esperan\u00e7a e determina\u00e7\u00e3o, a sociedade avan\u00e7a na busca por solu\u00e7\u00f5es que possam transformar a realidade de milh\u00f5es de pessoas afetadas pelo c\u00e2ncer.<\/p>\n","protected":false},"excerpt":{"rendered":"<p>Dia Mundial de Combate ao C\u00e2ncer: desafios e esperan\u00e7as na luta contra a doen\u00e7a \u00a0No<\/p>\n","protected":false},"author":1,"featured_media":38160,"comment_status":"closed","ping_status":"open","sticky":false,"template":"","format":"standard","meta":{"spay_email":"","footnotes":"","jetpack_publicize_message":""},"categories":[24],"tags":[],"jetpack_featured_media_url":"https:\/\/i1.wp.com\/jornaldeitaipava.com.br\/wp-content\/uploads\/2024\/02\/Medico-Pedro-Ismael.jpeg?fit=1024%2C768&ssl=1","jetpack_publicize_connections":[],"jetpack_sharing_enabled":true,"jetpack_likes_enabled":true,"jetpack-related-posts":[],"_links":{"self":[{"href":"https:\/\/jornaldeitaipava.com.br\/index.php\/wp-json\/wp\/v2\/posts\/38159"}],"collection":[{"href":"https:\/\/jornaldeitaipava.com.br\/index.php\/wp-json\/wp\/v2\/posts"}],"about":[{"href":"https:\/\/jornaldeitaipava.com.br\/index.php\/wp-json\/wp\/v2\/types\/post"}],"author":[{"embeddable":true,"href":"https:\/\/jornaldeitaipava.com.br\/index.php\/wp-json\/wp\/v2\/users\/1"}],"replies":[{"embeddable":true,"href":"https:\/\/jornaldeitaipava.com.br\/index.php\/wp-json\/wp\/v2\/comments?post=38159"}],"version-history":[{"count":1,"href":"https:\/\/jornaldeitaipava.com.br\/index.php\/wp-json\/wp\/v2\/posts\/38159\/revisions"}],"predecessor-version":[{"id":38161,"href":"https:\/\/jornaldeitaipava.com.br\/index.php\/wp-json\/wp\/v2\/posts\/38159\/revisions\/38161"}],"wp:featuredmedia":[{"embeddable":true,"href":"https:\/\/jornaldeitaipava.com.br\/index.php\/wp-json\/wp\/v2\/media\/38160"}],"wp:attachment":[{"href":"https:\/\/jornaldeitaipava.com.br\/index.php\/wp-json\/wp\/v2\/media?parent=38159"}],"wp:term":[{"taxonomy":"category","embeddable":true,"href":"https:\/\/jornaldeitaipava.com.br\/index.php\/wp-json\/wp\/v2\/categories?post=38159"},{"taxonomy":"post_tag","embeddable":true,"href":"https:\/\/jornaldeitaipava.com.br\/index.php\/wp-json\/wp\/v2\/tags?post=38159"}],"curies":[{"name":"wp","href":"https:\/\/api.w.org\/{rel}","templated":true}]}}