{"id":38162,"date":"2024-02-05T10:55:21","date_gmt":"2024-02-05T13:55:21","guid":{"rendered":"http:\/\/jornaldeitaipava.com.br\/?p=38162"},"modified":"2024-02-05T10:55:24","modified_gmt":"2024-02-05T13:55:24","slug":"yuri-moura-lidera-acao-contra-abusos-da-concer-no-pedagio-da-br-040","status":"publish","type":"post","link":"https:\/\/jornaldeitaipava.com.br\/index.php\/2024\/02\/05\/yuri-moura-lidera-acao-contra-abusos-da-concer-no-pedagio-da-br-040\/","title":{"rendered":"YURI MOURA LIDERA A\u00c7\u00c3O CONTRA ABUSOS DA CONCER NO PED\u00c1GIO DA BR-040"},"content":{"rendered":"\n<p><\/p>\n\n\n\n<p class=\"has-text-align-center\"><strong>Atividade pacifica e informativa visa instruir a popula\u00e7\u00e3o e ampliar n\u00famero de assinaturas no abaixo assinado contra a Concession\u00e1ria<\/strong><\/p>\n\n\n\n<p>Na manh\u00e3 desta segunda-feira, 05 de fevereiro, o Deputado Estadual Yuri Moura, acompanhado de sua equipe, realiza uma manifesta\u00e7\u00e3o no ped\u00e1gio da BR040 denunciando os problemas no servi\u00e7o prestado pela Concession\u00e1ria de Rodovias S.A. (CONCER). O parlamentar vem promovendo uma s\u00e9rie de a\u00e7\u00f5es visando denunciar e buscar solu\u00e7\u00f5es para os problemas enfrentados pelos usu\u00e1rios e moradores ao longo da rodovia.<\/p>\n\n\n\n<p>\u201cA gente v\u00eam trabalhando bastante para tirar a BR-040 das m\u00e3os da CONCER, a a\u00e7\u00e3o de hoje \u00e9 mais um movimento nesse sentido. S\u00e3o in\u00fameros problemas, desde a m\u00e1 condi\u00e7\u00e3o da rodovia, que prejudica o desenvolvimento regional, at\u00e9 o descaso com as fam\u00edlias v\u00edtimas da cratera no Contorno. Uma nova licita\u00e7\u00e3o \u00e9 urgente\u201d!, afirmou Yuri.<\/p>\n\n\n\n<p><strong>Visita \u00e0 ANTT e Oficializa\u00e7\u00e3o ao TCU:<\/strong><\/p>\n\n\n\n<p>No intuito de ampliar o di\u00e1logo sobre a situa\u00e7\u00e3o da BR-040, o Deputado Yuri visitou a Ag\u00eancia Nacional de Transportes Terrestres (ANTT). Durante a reuni\u00e3o, foram discutidas as quest\u00f5es relacionadas \u00e0 atual concess\u00e3o da CONCER, destacando a necessidade urgente de uma nova licita\u00e7\u00e3o para a rodovia.<\/p>\n\n\n\n<p>Durante a visita a Bras\u00edlia, Yuri tratou diretamente com a ANTT sobre a urg\u00eancia de encerrar a concess\u00e3o da CONCER. O parlamentar ressaltou os impactos negativos, como a inseguran\u00e7a nas viagens, as tentativas de remo\u00e7\u00e3o de fam\u00edlias e a prec\u00e1ria situa\u00e7\u00e3o do Contorno, evidenciando que a CONCER representa um obst\u00e1culo para o desenvolvimento das cidades do Estado do Rio, especialmente Petr\u00f3polis.<\/p>\n\n\n\n<p>Em paralelo, Yuri Moura oficializou o Tribunal de Contas da Uni\u00e3o (TCU) para que seja realizado um processo de nova licita\u00e7\u00e3o. O parlamentar ressaltou a import\u00e2ncia de agilizar esse procedimento, uma vez que a demora do TCU e da Justi\u00e7a tem mantido a CONCER na rodovia, prejudicando a popula\u00e7\u00e3o.<\/p>\n\n\n\n<p><strong>Manifesta\u00e7\u00e3o e Abaixo-Assinado:<\/strong><\/p>\n\n\n\n<p>Com o intuito de envolver a popula\u00e7\u00e3o na luta contra os abusos da CONCER, o Mandato Popular, liderado pelo Deputado Yuri, tamb\u00e9m lan\u00e7ou um abaixo-assinado. O documento tem como objetivo pressionar o TCU para dar continuidade ao processo de nova licita\u00e7\u00e3o, buscando melhorias na rodovia e garantias para as comunidades afetadas.<\/p>\n\n\n\n<p>O abaixo-assinado destaca os problemas enfrentados pelos usu\u00e1rios, como a falta de manuten\u00e7\u00e3o adequada, a cobran\u00e7a abusiva de R$14,50 na tarifa b\u00e1sica do ped\u00e1gio sem contrapartida em investimentos na rodovia. Interessados podem obter mais informa\u00e7\u00f5es e assinar no endere\u00e7o: <a href=\"https:\/\/yurimoura.com.br\/lp\/abaixo-assinado-fora-concer\/\">https:\/\/yurimoura.com.br\/lp\/abaixo-assinado-fora-concer\/<\/a> .<\/p>\n","protected":false},"excerpt":{"rendered":"<p>Atividade pacifica e informativa visa instruir a popula\u00e7\u00e3o e ampliar n\u00famero de assinaturas no abaixo<\/p>\n","protected":false},"author":1,"featured_media":38163,"comment_status":"closed","ping_status":"open","sticky":false,"template":"","format":"standard","meta":{"spay_email":"","footnotes":"","jetpack_publicize_message":""},"categories":[2],"tags":[],"jetpack_featured_media_url":"https:\/\/i2.wp.com\/jornaldeitaipava.com.br\/wp-content\/uploads\/2024\/02\/04-FOTO-Deputado-Yuri-no-padagio-da-BR-040-3-scaled.jpeg?fit=2560%2C1440&ssl=1","jetpack_publicize_connections":[],"jetpack_sharing_enabled":true,"jetpack_likes_enabled":true,"jetpack-related-posts":[],"_links":{"self":[{"href":"https:\/\/jornaldeitaipava.com.br\/index.php\/wp-json\/wp\/v2\/posts\/38162"}],"collection":[{"href":"https:\/\/jornaldeitaipava.com.br\/index.php\/wp-json\/wp\/v2\/posts"}],"about":[{"href":"https:\/\/jornaldeitaipava.com.br\/index.php\/wp-json\/wp\/v2\/types\/post"}],"author":[{"embeddable":true,"href":"https:\/\/jornaldeitaipava.com.br\/index.php\/wp-json\/wp\/v2\/users\/1"}],"replies":[{"embeddable":true,"href":"https:\/\/jornaldeitaipava.com.br\/index.php\/wp-json\/wp\/v2\/comments?post=38162"}],"version-history":[{"count":1,"href":"https:\/\/jornaldeitaipava.com.br\/index.php\/wp-json\/wp\/v2\/posts\/38162\/revisions"}],"predecessor-version":[{"id":38164,"href":"https:\/\/jornaldeitaipava.com.br\/index.php\/wp-json\/wp\/v2\/posts\/38162\/revisions\/38164"}],"wp:featuredmedia":[{"embeddable":true,"href":"https:\/\/jornaldeitaipava.com.br\/index.php\/wp-json\/wp\/v2\/media\/38163"}],"wp:attachment":[{"href":"https:\/\/jornaldeitaipava.com.br\/index.php\/wp-json\/wp\/v2\/media?parent=38162"}],"wp:term":[{"taxonomy":"category","embeddable":true,"href":"https:\/\/jornaldeitaipava.com.br\/index.php\/wp-json\/wp\/v2\/categories?post=38162"},{"taxonomy":"post_tag","embeddable":true,"href":"https:\/\/jornaldeitaipava.com.br\/index.php\/wp-json\/wp\/v2\/tags?post=38162"}],"curies":[{"name":"wp","href":"https:\/\/api.w.org\/{rel}","templated":true}]}}