{"id":38167,"date":"2024-02-05T10:58:48","date_gmt":"2024-02-05T13:58:48","guid":{"rendered":"http:\/\/jornaldeitaipava.com.br\/?p=38167"},"modified":"2024-02-05T10:58:50","modified_gmt":"2024-02-05T13:58:50","slug":"ministerio-define-esta-semana-calendario-de-vacinacao-contra-dengue","status":"publish","type":"post","link":"https:\/\/jornaldeitaipava.com.br\/index.php\/2024\/02\/05\/ministerio-define-esta-semana-calendario-de-vacinacao-contra-dengue\/","title":{"rendered":"Minist\u00e9rio define esta semana calend\u00e1rio de vacina\u00e7\u00e3o contra dengue"},"content":{"rendered":"\n<p>O Minist\u00e9rio da Sa\u00fade definir\u00e1 esta semana o calend\u00e1rio de vacina\u00e7\u00e3o contra a dengue, segundo informou a ministra N\u00edsia Trindade, em visita ao Rio de Janeiro, nesta segunda-feira (5). O governo j\u00e1 havia divulgado que a imuniza\u00e7\u00e3o, inicialmente de crian\u00e7as e adolescentes de 10 a 14 anos, come\u00e7a neste m\u00eas nos munic\u00edpios selecionados.<br>&#8220;Hoje, n\u00f3s vamos trabalhar com a faixa de 10 a 14 anos de idade naqueles munic\u00edpios que apresentaram, nos \u00faltimos anos, o quadro mais intenso de dengue e tamb\u00e9m onde circula mais o sorotipo 2, que \u00e9 aquele que est\u00e1 muito associado a essa explos\u00e3o de casos que temos visto em algumas cidades e, muitas vezes, com agravamento&#8221;, disse a ministra.<br>Destacou, a seguir, que a vacina \u00e9 um instrumento importante na luta contra a dengue, mas que ela n\u00e3o ter\u00e1 um efeito imediato. Por isso, ressaltou, a elimina\u00e7\u00e3o de \u00e1gua parada dentro das casas, que s\u00e3o focos de prolifera\u00e7\u00e3o do mosquito Aedes aegypti, transmissor do v\u00edrus da dengue, \u00e9 fundamental para a preven\u00e7\u00e3o da doen\u00e7a.<br>&#8220;Neste momento, ela [a vacina] n\u00e3o oferece uma resposta para a situa\u00e7\u00e3o atual porque ela \u00e9 aplicada com o intervalo de tr\u00eas meses, j\u00e1 que \u00e9 uma vacina de duas doses. Ela \u00e9 muito importante, mas ser\u00e1 uma estrat\u00e9gia progressiva para ter um impacto que a gente espera de controlar a dengue e, no futuro, n\u00e3o ter mais a dengue como um problema t\u00e3o importante de sa\u00fade p\u00fablica&#8221;, explicou.<\/p>\n\n\n\n<p><strong>Imuniza\u00e7\u00e3o<br><\/strong>Junto com a aplica\u00e7\u00e3o da vacina, o Minist\u00e9rio da Sa\u00fade far\u00e1 pesquisas em alguns locais para acompanhar a efetividade da imuniza\u00e7\u00e3o.<br>&#8220;\u00c9 uma vacina eficaz e segura. Mas ela ter\u00e1 que ter uma amplia\u00e7\u00e3o. O Minist\u00e9rio da Sa\u00fade lidera o esfor\u00e7o nacional para vermos a capacidade de amplia\u00e7\u00e3o com a vacina atual, j\u00e1 aprovada, da Takeda, com a vacina candidata, do Instituto Butantan, que recentemente publicou seus excelentes resultados de pesquisas de fase 3. Ent\u00e3o, vai ser um esfor\u00e7o nacional&#8221;, afirmou a ministra.<br>N\u00edsia Trindade disse que o governo federal est\u00e1 trabalhando em um plano para ampliar os locais de soltura de mosquitos Aedes aegypti infectados com a bact\u00e9ria Wolbachia. A bact\u00e9ria impede que os v\u00edrus causadores de doen\u00e7as como dengue, zika e chikungunya se desenvolvam dentro do mosquito.<br>A ministra esteve no Rio de Janeiro para inaugurar o primeiro dos dez polos de atendimento para pacientes com suspeita de dengue que ser\u00e3o abertos at\u00e9 o fim desta semana na cidade.<br>Nos polos, os pacientes poder\u00e3o fazer testes r\u00e1pidos de detec\u00e7\u00e3o da dengue e receber\u00e3o um primeiro atendimento, que inclui a hidrata\u00e7\u00e3o com soro. Caso haja necessidade, os pacientes ser\u00e3o encaminhados para interna\u00e7\u00e3o em unidades hospitalares. A cidade entrou nesta segunda-feira em situa\u00e7\u00e3o de emerg\u00eancia devido ao aumento de casos da doen\u00e7a.<br>&#8220;O Rio teve 11 mil casos de dengue [em janeiro]. A gente chegou a 360 interna\u00e7\u00f5es na cidade e isso tem um impacto importante na rede assistencial. Por isso, hoje a gente amplia nossa capacidade instalada visando atender todas as pessoas que tenham sintomas de dengue. A gente pede para qualquer pessoa que tenha dor no corpo, que tenha febre, que tenha dor de cabe\u00e7a que procure uma unidade b\u00e1sica de sa\u00fade e tamb\u00e9m um dos nossos polos de atendimento&#8221;, disse o secret\u00e1rio municipal de Sa\u00fade, Daniel Soranz.<\/p>\n\n\n\n<p>Da Ag\u00eancia Brasil<\/p>\n","protected":false},"excerpt":{"rendered":"<p>O Minist\u00e9rio da Sa\u00fade definir\u00e1 esta semana o calend\u00e1rio de vacina\u00e7\u00e3o contra a dengue, segundo<\/p>\n","protected":false},"author":1,"featured_media":27124,"comment_status":"closed","ping_status":"open","sticky":false,"template":"","format":"standard","meta":{"spay_email":"","footnotes":"","jetpack_publicize_message":""},"categories":[24],"tags":[],"jetpack_featured_media_url":"https:\/\/i2.wp.com\/jornaldeitaipava.com.br\/wp-content\/uploads\/2022\/04\/dengue.jpg?fit=1199%2C674&ssl=1","jetpack_publicize_connections":[],"jetpack_sharing_enabled":true,"jetpack_likes_enabled":true,"jetpack-related-posts":[],"_links":{"self":[{"href":"https:\/\/jornaldeitaipava.com.br\/index.php\/wp-json\/wp\/v2\/posts\/38167"}],"collection":[{"href":"https:\/\/jornaldeitaipava.com.br\/index.php\/wp-json\/wp\/v2\/posts"}],"about":[{"href":"https:\/\/jornaldeitaipava.com.br\/index.php\/wp-json\/wp\/v2\/types\/post"}],"author":[{"embeddable":true,"href":"https:\/\/jornaldeitaipava.com.br\/index.php\/wp-json\/wp\/v2\/users\/1"}],"replies":[{"embeddable":true,"href":"https:\/\/jornaldeitaipava.com.br\/index.php\/wp-json\/wp\/v2\/comments?post=38167"}],"version-history":[{"count":1,"href":"https:\/\/jornaldeitaipava.com.br\/index.php\/wp-json\/wp\/v2\/posts\/38167\/revisions"}],"predecessor-version":[{"id":38168,"href":"https:\/\/jornaldeitaipava.com.br\/index.php\/wp-json\/wp\/v2\/posts\/38167\/revisions\/38168"}],"wp:featuredmedia":[{"embeddable":true,"href":"https:\/\/jornaldeitaipava.com.br\/index.php\/wp-json\/wp\/v2\/media\/27124"}],"wp:attachment":[{"href":"https:\/\/jornaldeitaipava.com.br\/index.php\/wp-json\/wp\/v2\/media?parent=38167"}],"wp:term":[{"taxonomy":"category","embeddable":true,"href":"https:\/\/jornaldeitaipava.com.br\/index.php\/wp-json\/wp\/v2\/categories?post=38167"},{"taxonomy":"post_tag","embeddable":true,"href":"https:\/\/jornaldeitaipava.com.br\/index.php\/wp-json\/wp\/v2\/tags?post=38167"}],"curies":[{"name":"wp","href":"https:\/\/api.w.org\/{rel}","templated":true}]}}