{"id":38169,"date":"2024-02-05T10:59:42","date_gmt":"2024-02-05T13:59:42","guid":{"rendered":"http:\/\/jornaldeitaipava.com.br\/?p=38169"},"modified":"2024-02-05T10:59:44","modified_gmt":"2024-02-05T13:59:44","slug":"candidatos-tem-ultima-semana-para-se-inscrever-no-concurso-unificado","status":"publish","type":"post","link":"https:\/\/jornaldeitaipava.com.br\/index.php\/2024\/02\/05\/candidatos-tem-ultima-semana-para-se-inscrever-no-concurso-unificado\/","title":{"rendered":"Candidatos t\u00eam \u00faltima semana para se inscrever no concurso unificado"},"content":{"rendered":"\n<p>Termina no dia 9 de fevereiro o prazo para inscri\u00e7\u00e3o no Concurso P\u00fablico Nacional Unificado (CPNU). Interessados em participar do certame devem acessar o site da Funda\u00e7\u00e3o Cesgranrio e pagar a taxa de R$ 60, para os cargos de n\u00edvel m\u00e9dio e R$ 90 para os de n\u00edvel superior. \u00c9 necess\u00e1rio ao candidato estar inscrito na plataforma Gov.br.<br>Os organizadores j\u00e1 contabilizam mais de 1 milh\u00e3o de inscri\u00e7\u00f5es para concorrerem \u00e0s 6,6 mil vagas no servi\u00e7o p\u00fablico. Dessas, 5.948 s\u00e3o para cargos de n\u00edvel superior e 692, n\u00edvel m\u00e9dio. As provas ser\u00e3o aplicadas no dia 5 de maio, em 220 cidades distribu\u00eddas por todas as unidades federativas.<br>Para se inscrever, o candidato precisa, primeiro, escolher um entre os oito blocos tem\u00e1ticos do concurso. Na sequ\u00eancia, escolhe os cargos de seu interesse, dentro do mesmo bloco tem\u00e1tico, e coloca na ordem de prefer\u00eancia \u2013 primeiro entre os cargos e, na sequ\u00eancia, entre as especialidades.<br>Os editais dos oito blocos tem\u00e1ticos, com todos os requisitos necess\u00e1rios, est\u00e3o dispon\u00edveis em site espec\u00edfico do Minist\u00e9rio da Gest\u00e3o e da Inova\u00e7\u00e3o em Servi\u00e7os P\u00fablicos.<br>O telefone de suporte para esclarecimento de d\u00favidas sobre os editais, disponibilizado pela banca examinadora, a Funda\u00e7\u00e3o Cesgranrio, \u00e9 0800 701 2028. O funcionamento \u00e9 das 9h \u00e0s 17h, todos os dias da semana, inclusive fins de semana e feriados.<\/p>\n\n\n\n<p>Da Ag\u00eancia Brasil<\/p>\n","protected":false},"excerpt":{"rendered":"<p>Termina no dia 9 de fevereiro o prazo para inscri\u00e7\u00e3o no Concurso P\u00fablico Nacional Unificado<\/p>\n","protected":false},"author":1,"featured_media":12564,"comment_status":"closed","ping_status":"open","sticky":false,"template":"","format":"standard","meta":{"spay_email":"","footnotes":"","jetpack_publicize_message":""},"categories":[9],"tags":[],"jetpack_featured_media_url":"https:\/\/i2.wp.com\/jornaldeitaipava.com.br\/wp-content\/uploads\/2021\/03\/CONCURSO.jpg?fit=290%2C174&ssl=1","jetpack_publicize_connections":[],"jetpack_sharing_enabled":true,"jetpack_likes_enabled":true,"jetpack-related-posts":[],"_links":{"self":[{"href":"https:\/\/jornaldeitaipava.com.br\/index.php\/wp-json\/wp\/v2\/posts\/38169"}],"collection":[{"href":"https:\/\/jornaldeitaipava.com.br\/index.php\/wp-json\/wp\/v2\/posts"}],"about":[{"href":"https:\/\/jornaldeitaipava.com.br\/index.php\/wp-json\/wp\/v2\/types\/post"}],"author":[{"embeddable":true,"href":"https:\/\/jornaldeitaipava.com.br\/index.php\/wp-json\/wp\/v2\/users\/1"}],"replies":[{"embeddable":true,"href":"https:\/\/jornaldeitaipava.com.br\/index.php\/wp-json\/wp\/v2\/comments?post=38169"}],"version-history":[{"count":1,"href":"https:\/\/jornaldeitaipava.com.br\/index.php\/wp-json\/wp\/v2\/posts\/38169\/revisions"}],"predecessor-version":[{"id":38170,"href":"https:\/\/jornaldeitaipava.com.br\/index.php\/wp-json\/wp\/v2\/posts\/38169\/revisions\/38170"}],"wp:featuredmedia":[{"embeddable":true,"href":"https:\/\/jornaldeitaipava.com.br\/index.php\/wp-json\/wp\/v2\/media\/12564"}],"wp:attachment":[{"href":"https:\/\/jornaldeitaipava.com.br\/index.php\/wp-json\/wp\/v2\/media?parent=38169"}],"wp:term":[{"taxonomy":"category","embeddable":true,"href":"https:\/\/jornaldeitaipava.com.br\/index.php\/wp-json\/wp\/v2\/categories?post=38169"},{"taxonomy":"post_tag","embeddable":true,"href":"https:\/\/jornaldeitaipava.com.br\/index.php\/wp-json\/wp\/v2\/tags?post=38169"}],"curies":[{"name":"wp","href":"https:\/\/api.w.org\/{rel}","templated":true}]}}