{"id":38171,"date":"2024-02-05T11:02:03","date_gmt":"2024-02-05T14:02:03","guid":{"rendered":"http:\/\/jornaldeitaipava.com.br\/?p=38171"},"modified":"2024-02-05T11:02:05","modified_gmt":"2024-02-05T14:02:05","slug":"appo-se-prepara-para-o-primeiro-bazar-do-ano-2","status":"publish","type":"post","link":"https:\/\/jornaldeitaipava.com.br\/index.php\/2024\/02\/05\/appo-se-prepara-para-o-primeiro-bazar-do-ano-2\/","title":{"rendered":"APPO SE PREPARA PARA O PRIMEIRO BAZAR DO ANO"},"content":{"rendered":"\n<p class=\"has-text-align-center\">Atividade ser\u00e1 realizada na Casa de Apoio da institui\u00e7\u00e3o<\/p>\n\n\n\n<p><br>O Bazar da APPO j\u00e1 \u00e9 muito conhecido por aquelas pessoas que amam garimpar, tanto pela qualidade das pe\u00e7as, quanto pelos pre\u00e7os. Quem estava com saudade, j\u00e1 pode se preparar por que come\u00e7a hoje, segunda-feira, 05 de fevereiro, e segue at\u00e9 28 de mar\u00e7o, sempre de segunda a sexta-feira, das 10h \u00e0s 16h, a primeira edi\u00e7\u00e3o do Bazar da APPO 2024, que vai ser realizado na Sala de Conviv\u00eancia da Institui\u00e7\u00e3o.<br>Esta edi\u00e7\u00e3o ser\u00e1 dividida em duas partes. Na primeira, o Bazar ficar\u00e1 aberto entre os dias 05 a 09 de fevereiro. A partir do dia 12 o Bazar da APPO fecha para o recesso de Carnaval e reabre no dia 15 de fevereiro.<br>\u2018Al\u00e9m de roupas, para adultos e crian\u00e7as, no Bazar da APPO tamb\u00e9m \u00e9 poss\u00edvel encontrar uma infinidade de itens como brinquedos, cal\u00e7ados, acess\u00f3rios, utilidades para o lar, objetos de decora\u00e7\u00e3o entre outros. Tudo a pre\u00e7os simb\u00f3licos, acess\u00edveis a todos\u201d, ponderou Gabi Andrade, diretora de Rela\u00e7\u00f5es P\u00fablicas Volunt\u00e1ria da APPO.<br>Todo valor arrecadado com a venda das pe\u00e7as ser\u00e1 utilizado para compor recursos necess\u00e1rios para manter a Casa de Apoio, que funciona durante o ano todo acolhendo pessoas que vem de outras cidades fazer o tratamento do c\u00e2ncer em Petr\u00f3polis. A Casa de Apoio tem capacidade para receber 30 pessoas e oferece al\u00e9m de seguran\u00e7a, conforto e alimenta\u00e7\u00e3o, assist\u00eancia total, por meio da equipe multidisciplinar, para a perman\u00eancia e conclus\u00e3o do tratamento.<br>As edi\u00e7\u00f5es do Bazar da APPO, realizadas ao longo do ano, s\u00e3o importantes fontes de recurso para manter a Casa e garantir o sucesso no tratamento de c\u00e2ncer de pessoas que moram em v\u00e1rias cidades do interior do Rio de Janeiro. \u201cSem este recurso, muitas pessoas talvez n\u00e3o conseguissem fazer o tratamento, que \u00e9 t\u00e3o importante n\u00e3o s\u00f3 para o nosso acolhido, que enfrenta a doen\u00e7a, mas para todos os amigos e familiares. O Bazar \u00e9 sin\u00f4nimo de vida para essas pessoas\u201d, destacou Magna Souza, respons\u00e1vel pelo Bazar da APPO.<br>Todos os itens que estar\u00e3o \u00e0 venda foram doados \u00e0 APPO e passam por sele\u00e7\u00e3o e cuidados criteriosos. Quando necess\u00e1rio, as pe\u00e7as s\u00e3o costuradas, lavadas, devidamente dobradas e empacotadas.<br>Outras a\u00e7\u00f5es com o intuito de angariar recursos para a APPO continuam normalmente, uma delas \u00e9 o setor de Telemarketing Ativo. Coordenado por Alexandre de Carvalho Brito, o Telemarketing funciona de segunda a sexta-feira, sempre das 8h \u00e0s 14h. Em linhas gerais as operadoras entram em contato por meio de liga\u00e7\u00e3o para telefones fixos e celulares e tem como meta apresentar a institui\u00e7\u00e3o e o trabalho que a mesma executa diariamente na cidade. Caso a pessoa que atendeu se interesse pela causa e deseje se tornar um doador, as operadoras geram o cadastro do doador, solicitando nome completo, telefone e endere\u00e7o. A partir da\u00ed \u00e9 agendado o dia e hor\u00e1rio em que o mensageiro da Associa\u00e7\u00e3o vai retirar a doa\u00e7\u00e3o em esp\u00e9cie e entregar o recibo de oficializa\u00e7\u00e3o do apoio.<br>As doa\u00e7\u00f5es captadas pelo setor de Telemarketing da APPO tamb\u00e9m podem ser encaminhadas para a institui\u00e7\u00e3o por meio de dep\u00f3sito banc\u00e1rio no Banco Ita\u00fa, Ag\u00eancia 9244 e conta corrente 09277-2. Seguindo o avan\u00e7o das rela\u00e7\u00f5es financeiras, as doa\u00e7\u00f5es tamb\u00e9m podem ser feitas por meio de Pix atrav\u00e9s da Chave PIX, que \u00e9 o CNPJ da institui\u00e7\u00e3o, o 36.548.949\/0001-78.<br>Ap\u00f3s realizar as opera\u00e7\u00f5es banc\u00e1rias, os doadores devem via WhatsApp (24) 99276-9832, enviar o comprovante da transa\u00e7\u00e3o financeira e solicitar o recibo referente a doa\u00e7\u00e3o.<br>Mais informa\u00e7\u00f5es sobre a APPO ou como se tornar um parceiro e mudar a vida de algum paciente oncol\u00f3gico, podem ser obtidas na sede da APPO \u2013 Associa\u00e7\u00e3o Petropolitana dos Pacientes Oncol\u00f3gicos, localizada \u00e0 Rua Visconde da Penha, n\u00ba 72 &#8211; Centro \u2013 Petr\u00f3polis \u2013 RJ, por meio do telefone fixo (24) 2242-0956, do WhastsApp (24) 99274-1377, do site www.appo.org.br, do e-mail appo@appo.org.br ou ainda das m\u00eddias sociais Facebook @appo.org (httpswww.facebook.comappo.org) e Instagram @associacaopetropolitana<\/p>\n\n\n\n<p>SERVI\u00c7O<br>APPO \u2013 Associa\u00e7\u00e3o Petropolitana dos Pacientes Oncol\u00f3gicos<br>Rua Visconde da Penha, n\u00ba 72<br>Centro \u2013 Petr\u00f3polis \u2013 RJ<br>GoogleMaps: https:\/\/goo.gl\/maps\/AQi5dg1nkhJAUDea9<br>Telefone: (24) 2242-0956<br>WhastsApp: (24) 99274-1377<\/p>\n","protected":false},"excerpt":{"rendered":"<p>Atividade ser\u00e1 realizada na Casa de Apoio da institui\u00e7\u00e3o O Bazar da APPO j\u00e1 \u00e9<\/p>\n","protected":false},"author":1,"featured_media":35639,"comment_status":"closed","ping_status":"open","sticky":false,"template":"","format":"standard","meta":{"spay_email":"","footnotes":"","jetpack_publicize_message":""},"categories":[24],"tags":[],"jetpack_featured_media_url":"https:\/\/i2.wp.com\/jornaldeitaipava.com.br\/wp-content\/uploads\/2023\/07\/APPO.png?fit=629%2C375&ssl=1","jetpack_publicize_connections":[],"jetpack_sharing_enabled":true,"jetpack_likes_enabled":true,"jetpack-related-posts":[],"_links":{"self":[{"href":"https:\/\/jornaldeitaipava.com.br\/index.php\/wp-json\/wp\/v2\/posts\/38171"}],"collection":[{"href":"https:\/\/jornaldeitaipava.com.br\/index.php\/wp-json\/wp\/v2\/posts"}],"about":[{"href":"https:\/\/jornaldeitaipava.com.br\/index.php\/wp-json\/wp\/v2\/types\/post"}],"author":[{"embeddable":true,"href":"https:\/\/jornaldeitaipava.com.br\/index.php\/wp-json\/wp\/v2\/users\/1"}],"replies":[{"embeddable":true,"href":"https:\/\/jornaldeitaipava.com.br\/index.php\/wp-json\/wp\/v2\/comments?post=38171"}],"version-history":[{"count":1,"href":"https:\/\/jornaldeitaipava.com.br\/index.php\/wp-json\/wp\/v2\/posts\/38171\/revisions"}],"predecessor-version":[{"id":38172,"href":"https:\/\/jornaldeitaipava.com.br\/index.php\/wp-json\/wp\/v2\/posts\/38171\/revisions\/38172"}],"wp:featuredmedia":[{"embeddable":true,"href":"https:\/\/jornaldeitaipava.com.br\/index.php\/wp-json\/wp\/v2\/media\/35639"}],"wp:attachment":[{"href":"https:\/\/jornaldeitaipava.com.br\/index.php\/wp-json\/wp\/v2\/media?parent=38171"}],"wp:term":[{"taxonomy":"category","embeddable":true,"href":"https:\/\/jornaldeitaipava.com.br\/index.php\/wp-json\/wp\/v2\/categories?post=38171"},{"taxonomy":"post_tag","embeddable":true,"href":"https:\/\/jornaldeitaipava.com.br\/index.php\/wp-json\/wp\/v2\/tags?post=38171"}],"curies":[{"name":"wp","href":"https:\/\/api.w.org\/{rel}","templated":true}]}}