{"id":38173,"date":"2024-02-05T11:17:30","date_gmt":"2024-02-05T14:17:30","guid":{"rendered":"http:\/\/jornaldeitaipava.com.br\/?p=38173"},"modified":"2024-02-05T11:17:33","modified_gmt":"2024-02-05T14:17:33","slug":"volta-as-aulas-escolas-da-rede-municipal-preparadas-para-o-ano-letivo","status":"publish","type":"post","link":"https:\/\/jornaldeitaipava.com.br\/index.php\/2024\/02\/05\/volta-as-aulas-escolas-da-rede-municipal-preparadas-para-o-ano-letivo\/","title":{"rendered":"Volta \u00e0s aulas: escolas da rede municipal preparadas para o ano letivo"},"content":{"rendered":"\n<p class=\"has-text-align-center\"><strong>Interven\u00e7\u00f5es nas unidades e mais de 200 toneladas de alimentos para a merenda escolar<\/strong><\/p>\n\n\n\n<p><br>As aulas come\u00e7am nessa segunda-feira (5), e as 192 unidades da rede municipal est\u00e3o prontas para receber os cerca de 39 mil alunos e alunas. Durante as f\u00e9rias, as escolas e centros de Educa\u00e7\u00e3o Infantil passaram por interven\u00e7\u00f5es e na \u00faltima semana chegaram os itens da merenda escolar.<br>\u201cEstamos prontos para receber nossas crian\u00e7as e adolescentes neste in\u00edcio do ano letivo de 2024. Iniciamos assim que assumimos um compromisso com a educa\u00e7\u00e3o p\u00fablica da nossa cidade. Nestes dois anos tivemos muitos avan\u00e7os e acreditamos em um 2024 ainda melhor, buscando a equidade e a transforma\u00e7\u00e3o da nossa rede\u201d, disse o prefeito Rubens Bomtempo.<br>Pintura, capina, reorganiza\u00e7\u00e3o dos espa\u00e7os e limpeza foram algumas das interven\u00e7\u00f5es realizadas nas unidades da rede municipal. \u201cDurante este per\u00edodo de f\u00e9rias, nossas unidades se prepararam para que chegassem em 2024 mais acolhedoras e estruturadas para receber nossos estudantes\u201d, comentou a secret\u00e1ria de Educa\u00e7\u00e3o, Adriana de Paula.<br>A Escola Municipal Germano Valente, no Centro, foi uma das que passou por interven\u00e7\u00f5es para iniciar o ano letivo. \u201cFizemos a reforma dos banheiros, dos telhados, pintamos a escola e muitas outras interven\u00e7\u00f5es. Estamos muito ansiosos para receber os nossos estudantes\u201d, disse a diretora Alba Val\u00e9ria Back.<br>O Centro de Educa\u00e7\u00e3o Infantil (CEI) Primeira Inf\u00e2ncia, no Centro, tamb\u00e9m recebeu capina, limpeza e obras. \u201cQue possamos estar juntos com as nossas fam\u00edlias e com os nossos colaboradores, em equipe e em parceria termos um ano excelente e promissor. O CEI est\u00e1 pronto para receb\u00ea-los\u201d, disse a diretora Raquel Scalli.<\/p>\n\n\n\n<p><strong>Merenda escolar: mais de 200 toneladas de alimentos para iniciar o ano letivo<br><\/strong>A Prefeitura de Petr\u00f3polis tamb\u00e9m adquiriu mais de 200 toneladas de alimentos para iniciar o ano letivo de 2024. As escolas e centros de Educa\u00e7\u00e3o Infantil j\u00e1 foram abastecidos com cerca de 86 toneladas de alimentos n\u00e3o perec\u00edveis no fim do ano passado e esta semana, come\u00e7aram a receber os itens c\u00e1rneos.<br>\u201cA alimenta\u00e7\u00e3o escolar \u00e9 fundamental para o desenvolvimento das crian\u00e7as e adolescentes. A cozinha \u00e9 o cora\u00e7\u00e3o de uma casa e assim tamb\u00e9m \u00e9 nas escolas e centros de Educa\u00e7\u00e3o Infantil\u201d, disse o prefeito Rubens Bomtempo.<br>Das 200 toneladas de alimentos \u2013 15 toneladas s\u00e3o de g\u00eaneros c\u00e1rneos e 46 de hortifrutigranjeiros. \u201cOferecemos uma alimenta\u00e7\u00e3o de qualidade, saud\u00e1vel e em quantidade suficiente e adequada de forma a contribuir para o desenvolvimento dos nossos alunos e alunas\u201d, disse a gerente de Alimenta\u00e7\u00e3o Escolar da Secretaria de Educa\u00e7\u00e3o, Elo\u00edsa Adriana de Souza.<br>Tamb\u00e9m fazem parte da merenda escolar itens de alimenta\u00e7\u00e3o especial para os alunos e alunas com necessidades alimentares especiais. O card\u00e1pio completo da merenda est\u00e1 no site da Prefeitura (petropolis.rj.gov.br).<\/p>\n","protected":false},"excerpt":{"rendered":"<p>Interven\u00e7\u00f5es nas unidades e mais de 200 toneladas de alimentos para a merenda escolar As<\/p>\n","protected":false},"author":1,"featured_media":8701,"comment_status":"closed","ping_status":"open","sticky":false,"template":"","format":"standard","meta":{"spay_email":"","footnotes":"","jetpack_publicize_message":""},"categories":[24],"tags":[],"jetpack_featured_media_url":"https:\/\/i2.wp.com\/jornaldeitaipava.com.br\/wp-content\/uploads\/2021\/01\/educacao.jpg?fit=549%2C316&ssl=1","jetpack_publicize_connections":[],"jetpack_sharing_enabled":true,"jetpack_likes_enabled":true,"jetpack-related-posts":[],"_links":{"self":[{"href":"https:\/\/jornaldeitaipava.com.br\/index.php\/wp-json\/wp\/v2\/posts\/38173"}],"collection":[{"href":"https:\/\/jornaldeitaipava.com.br\/index.php\/wp-json\/wp\/v2\/posts"}],"about":[{"href":"https:\/\/jornaldeitaipava.com.br\/index.php\/wp-json\/wp\/v2\/types\/post"}],"author":[{"embeddable":true,"href":"https:\/\/jornaldeitaipava.com.br\/index.php\/wp-json\/wp\/v2\/users\/1"}],"replies":[{"embeddable":true,"href":"https:\/\/jornaldeitaipava.com.br\/index.php\/wp-json\/wp\/v2\/comments?post=38173"}],"version-history":[{"count":1,"href":"https:\/\/jornaldeitaipava.com.br\/index.php\/wp-json\/wp\/v2\/posts\/38173\/revisions"}],"predecessor-version":[{"id":38174,"href":"https:\/\/jornaldeitaipava.com.br\/index.php\/wp-json\/wp\/v2\/posts\/38173\/revisions\/38174"}],"wp:featuredmedia":[{"embeddable":true,"href":"https:\/\/jornaldeitaipava.com.br\/index.php\/wp-json\/wp\/v2\/media\/8701"}],"wp:attachment":[{"href":"https:\/\/jornaldeitaipava.com.br\/index.php\/wp-json\/wp\/v2\/media?parent=38173"}],"wp:term":[{"taxonomy":"category","embeddable":true,"href":"https:\/\/jornaldeitaipava.com.br\/index.php\/wp-json\/wp\/v2\/categories?post=38173"},{"taxonomy":"post_tag","embeddable":true,"href":"https:\/\/jornaldeitaipava.com.br\/index.php\/wp-json\/wp\/v2\/tags?post=38173"}],"curies":[{"name":"wp","href":"https:\/\/api.w.org\/{rel}","templated":true}]}}