{"id":38175,"date":"2024-02-05T11:22:23","date_gmt":"2024-02-05T14:22:23","guid":{"rendered":"http:\/\/jornaldeitaipava.com.br\/?p=38175"},"modified":"2024-02-05T11:22:26","modified_gmt":"2024-02-05T14:22:26","slug":"araruama-anuncia-programacao-de-carnaval","status":"publish","type":"post","link":"https:\/\/jornaldeitaipava.com.br\/index.php\/2024\/02\/05\/araruama-anuncia-programacao-de-carnaval\/","title":{"rendered":"Araruama anuncia programa\u00e7\u00e3o de Carnaval"},"content":{"rendered":"\n<p>A Prefeitura de Araruama est\u00e1 preparando uma grande festa para os foli\u00f5es mirins e adultos na Pra\u00e7a Menino Jo\u00e3o H\u00e9lio, no centro. E tem que ter pique por que a folia come\u00e7a na sexta-feira, 09, e vai at\u00e9 a ter\u00e7a-feira, 13.<br>Todos os dias haver\u00e1 matin\u00eas, com apresenta\u00e7\u00e3o de Djs das 18h \u00e0s 20h30; e shows para as crian\u00e7as com a turma da tia Carol das 18h \u00e0s 20h; \u00e9 o Bailinho, que vai mexer com a fantasia dos nossos pequenos.<br>Tem, ainda, os shows com artistas locais, que v\u00e3o come\u00e7ar todos os dias por volta das 20h30.<br>Sexta &#8211; show com Alan Quintanilha (20h30 \u00e0s 00h)<br>S\u00e1bado -show com La\u00eds Alfradique (20h30 \u00e0s 00h)<br>Domingo &#8211; show com banda Estrela Dalva (20h30 \u00e0s 00h)<br>Segunda show com La\u00eds Alfradique (quarteto)<br>(20h30 \u00e0s 00h)<br>Ter\u00e7a &#8211; show com Banda Abre Alas (20h30 \u00e0s 00h)<\/p>\n","protected":false},"excerpt":{"rendered":"<p>A Prefeitura de Araruama est\u00e1 preparando uma grande festa para os foli\u00f5es mirins e adultos<\/p>\n","protected":false},"author":1,"featured_media":11150,"comment_status":"closed","ping_status":"open","sticky":false,"template":"","format":"standard","meta":{"spay_email":"","footnotes":"","jetpack_publicize_message":""},"categories":[42],"tags":[],"jetpack_featured_media_url":"https:\/\/i1.wp.com\/jornaldeitaipava.com.br\/wp-content\/uploads\/2021\/03\/araruama-2.jpg?fit=515%2C287&ssl=1","jetpack_publicize_connections":[],"jetpack_sharing_enabled":true,"jetpack_likes_enabled":true,"jetpack-related-posts":[],"_links":{"self":[{"href":"https:\/\/jornaldeitaipava.com.br\/index.php\/wp-json\/wp\/v2\/posts\/38175"}],"collection":[{"href":"https:\/\/jornaldeitaipava.com.br\/index.php\/wp-json\/wp\/v2\/posts"}],"about":[{"href":"https:\/\/jornaldeitaipava.com.br\/index.php\/wp-json\/wp\/v2\/types\/post"}],"author":[{"embeddable":true,"href":"https:\/\/jornaldeitaipava.com.br\/index.php\/wp-json\/wp\/v2\/users\/1"}],"replies":[{"embeddable":true,"href":"https:\/\/jornaldeitaipava.com.br\/index.php\/wp-json\/wp\/v2\/comments?post=38175"}],"version-history":[{"count":1,"href":"https:\/\/jornaldeitaipava.com.br\/index.php\/wp-json\/wp\/v2\/posts\/38175\/revisions"}],"predecessor-version":[{"id":38176,"href":"https:\/\/jornaldeitaipava.com.br\/index.php\/wp-json\/wp\/v2\/posts\/38175\/revisions\/38176"}],"wp:featuredmedia":[{"embeddable":true,"href":"https:\/\/jornaldeitaipava.com.br\/index.php\/wp-json\/wp\/v2\/media\/11150"}],"wp:attachment":[{"href":"https:\/\/jornaldeitaipava.com.br\/index.php\/wp-json\/wp\/v2\/media?parent=38175"}],"wp:term":[{"taxonomy":"category","embeddable":true,"href":"https:\/\/jornaldeitaipava.com.br\/index.php\/wp-json\/wp\/v2\/categories?post=38175"},{"taxonomy":"post_tag","embeddable":true,"href":"https:\/\/jornaldeitaipava.com.br\/index.php\/wp-json\/wp\/v2\/tags?post=38175"}],"curies":[{"name":"wp","href":"https:\/\/api.w.org\/{rel}","templated":true}]}}