{"id":38177,"date":"2024-02-05T11:33:00","date_gmt":"2024-02-05T14:33:00","guid":{"rendered":"http:\/\/jornaldeitaipava.com.br\/?p=38177"},"modified":"2024-02-05T11:33:02","modified_gmt":"2024-02-05T14:33:02","slug":"balcao-de-empregos-da-prefeitura-mais-113-vagas-para-esta-semana","status":"publish","type":"post","link":"https:\/\/jornaldeitaipava.com.br\/index.php\/2024\/02\/05\/balcao-de-empregos-da-prefeitura-mais-113-vagas-para-esta-semana\/","title":{"rendered":"Balc\u00e3o de Empregos da Prefeitura: mais 113 vagas para esta semana"},"content":{"rendered":"\n<p>A Prefeitura de Petr\u00f3polis est\u00e1 oferecendo, em seu Balc\u00e3o de Empregos na internet, mais 113 oportunidades de trabalho em empresas do munic\u00edpio. Para participar dos processos de sele\u00e7\u00e3o, os candidatos devem fazer o cadastramento de seus curr\u00edculos no site da Prefeitura (<a href=\"https:\/\/www.petropolis.rj.gov.br)\" target=\"_blank\" rel=\"noreferrer noopener\">https:\/\/www.petropolis.rj.gov.br)<\/a> entre segunda-feira (5) a sexta-feira (9).<br>O Balc\u00e3o de Empregos \u00e9 um servi\u00e7o da Secretaria de Assist\u00eancia Social, por meio do Departamento de Trabalho e Renda (Detra). Todos os candidatos concorrem nos processos seletivos, desde que atendam aos requisitos exigidos pelos empregadores. As empresas t\u00eam responsabilidade integral pelo recrutamento e pelas contrata\u00e7\u00f5es.<br><strong>Veja as oportunidades desta semana:<\/strong><\/p>\n\n\n\n<p>Agr\u00f4nomo &#8211; Ensino Superior \/ Curso espec\u00edfico na \u00e1rea &#8211; 1 vaga<\/p>\n\n\n\n<p>Analista de Log\u00edstica &#8211; Ensino M\u00e9dio \/ Experi\u00eancia de 1 ano na fun\u00e7\u00e3o &#8211; 1 vaga<\/p>\n\n\n\n<p>Atendente (Fast Food) &#8211; Ensino M\u00e9dio &#8211; 10 vagas<\/p>\n\n\n\n<p>Auxiliar de Estoque &#8211; Ensino M\u00e9dio \/ Curso espec\u00edfico na \u00e1rea \/ CNH cat. B \/ Experi\u00eancia de 2 anos na fun\u00e7\u00e3o &#8211; 1 vaga<\/p>\n\n\n\n<p>Auxiliar de Vendas &#8211; Ensino M\u00e9dio &#8211; 4 vagas<\/p>\n\n\n\n<p>Bombeiro Hidr\u00e1ulico &#8211; Ensino M\u00e9dio \/ Curso espec\u00edfico na \u00e1rea \/ CNH cat. B \/ Experi\u00eancia de 2 anos na fun\u00e7\u00e3o &#8211; 1 vaga<\/p>\n\n\n\n<p>Carpinteiro &#8211; Ensino Fundamental \/ Curso espec\u00edfico na \u00e1rea \/ Experi\u00eancia de 1 ano na fun\u00e7\u00e3o &#8211; 1 vaga<\/p>\n\n\n\n<p>Consultor de Vendas &#8211; Ensino M\u00e9dio \/ Experi\u00eancia na fun\u00e7\u00e3o &#8211; 1 vaga<\/p>\n\n\n\n<p>Eletromec\u00e2nico Industrial \/ Refrigera\u00e7\u00e3o &#8211; Ensino M\u00e9dio \/ Experi\u00eancia de 1 ano na fun\u00e7\u00e3o &#8211; 2 vagas<\/p>\n\n\n\n<p>Embalador \u00e0 m\u00e3o &#8211; Ensino M\u00e9dio \/ Experi\u00eancia na fun\u00e7\u00e3o &#8211; 1 vaga<\/p>\n\n\n\n<p>Engenheiro de Produ\u00e7\u00e3o &#8211; Ensino Superior \/ Curso espec\u00edfico na \u00e1rea \/ Experi\u00eancia de 1 ano na fun\u00e7\u00e3o &#8211; 1 vaga<\/p>\n\n\n\n<p>Estofador de M\u00f3veis &#8211; Ensino M\u00e9dio \/ Experi\u00eancia na fun\u00e7\u00e3o &#8211; 4 vagas<\/p>\n\n\n\n<p>Inspetor de Alunos de Escola Privada &#8211; Ensino M\u00e9dio \/ Experi\u00eancia na fun\u00e7\u00e3o &#8211; 1 vaga<\/p>\n\n\n\n<p>L\u00edder de Manuten\u00e7\u00e3o &#8211; Ensino M\u00e9dio \/ Forma\u00e7\u00e3o em Eletromec\u00e2nica \/ Curso espec\u00edfico na \u00e1rea \/ Experi\u00eancia de 2 anos na fun\u00e7\u00e3o &#8211; 1 vaga<\/p>\n\n\n\n<p>L\u00edder de Produ\u00e7\u00e3o &#8211; Ensino M\u00e9dio \/ Curso espec\u00edfico na \u00e1rea \/ Experi\u00eancia de 1 ano na fun\u00e7\u00e3o &#8211; 1 vaga<\/p>\n\n\n\n<p>Manobrador &#8211; Ensino Fundamental \/ CNH Cat.B &#8211; 20 vagas<\/p>\n\n\n\n<p>Mec\u00e2nico de Motores Diesel &#8211; Ensino Fundamental \/ Experi\u00eancia de 1 ano na fun\u00e7\u00e3o &#8211; 5 vagas<\/p>\n\n\n\n<p>Motorista de Caminh\u00e3o &#8211; Ensino Fundamental \/ CNH Cat.D \/ Experi\u00eancia na fun\u00e7\u00e3o &#8211; 1 vaga<\/p>\n\n\n\n<p>Motorista de Caminh\u00e3o &#8211; Ensino M\u00e9dio \/ CNH Cat. D \/ Curso espec\u00edfico na \u00e1rea \/ Experi\u00eancia na fun\u00e7\u00e3o &#8211; 1 vaga<\/p>\n\n\n\n<p>Motorista de \u00d4nibus Urbano &#8211; Ensino Fundamental \/ CNH Cat. D \/ Experi\u00eancia de 1 ano na fun\u00e7\u00e3o &#8211; 15 vagas<\/p>\n\n\n\n<p>Operador Eletromec\u00e2nico &#8211; Ensino M\u00e9dio \/ Curso espec\u00edfico na \u00e1rea &#8211; 1 vaga<\/p>\n\n\n\n<p>Operador de Loja &#8211; Ensino Fundamental \/ Experi\u00eancia na fun\u00e7\u00e3o &#8211; 1 vaga<\/p>\n\n\n\n<p>Op. de Maq. De Fabrica\u00e7\u00e3o Aliment\u00edcia &#8211; Ensino M\u00e9dio \/ Cursos espec\u00edficos na \u00e1rea &#8211; 10 vagas<\/p>\n\n\n\n<p>Representante Comercial &#8211; Ensino Fundamental \/ CNH Cat. AB \/ Possuir ve\u00edculo para o trabalho \/ Disponibilidade para viajar &#8211; 5 vagas<\/p>\n\n\n\n<p>Supervisor de Opera\u00e7\u00f5es &#8211; Ensino M\u00e9dio \/ CNH Cat. B \/ Experi\u00eancia de 1 ano na fun\u00e7\u00e3o &#8211; 1 vaga<\/p>\n\n\n\n<p>Supervisor de Produ\u00e7\u00e3o da Ind.Aliment\u00edcia &#8211; Ensino M\u00e9dio \/ Curso espec\u00edfico na \u00e1rea &#8211; 1 vaga<\/p>\n\n\n\n<p>Torneiro Mec\u00e2nico &#8211; Ensino M\u00e9dio \/ Curso espec\u00edfico na \u00e1rea &#8211; 1 vaga<\/p>\n\n\n\n<p>Vendedor &#8211; Ensino M\u00e9dio \/ CNH Cat. AB \/ Possuir ve\u00edculo e Disponibilidade para viajar \/ Experi\u00eancia na fun\u00e7\u00e3o &#8211; 1 vaga<\/p>\n\n\n\n<p>Vendedor &#8211; Ensino M\u00e9dio &#8211; 1 vaga<\/p>\n\n\n\n<p>Vendedor de Com\u00e9rcio Varejista &#8211; Ensino M\u00e9dio \/ CNH Cat. B \/ Possuir ve\u00edculo para o trabalho \/ Experi\u00eancia de 2 anos na fun\u00e7\u00e3o &#8211; 1 vaga<\/p>\n\n\n\n<p>Vendedor Externo &#8211; Ensino M\u00e9dio &#8211; 1 vaga<\/p>\n\n\n\n<p>Servente de Obras (Pessoa com Defici\u00eancia) &#8211; Ensino Fundamental \/ Experi\u00eancia na fun\u00e7\u00e3o \/ Possuir laudo que comprove defici\u00eancia que permita a realiza\u00e7\u00e3o das atividades com seguran\u00e7a &#8211; 4 vagas<\/p>\n\n\n\n<p>Pedreiro (Pessoa com Defici\u00eancia) &#8211; Ensino Fundamental \/ Experi\u00eancia na fun\u00e7\u00e3o \/ Possuir laudo que comprove defici\u00eancia que permita a realiza\u00e7\u00e3o das atividades com seguran\u00e7a &#8211; 4 vagas<\/p>\n\n\n\n<p>Armador de Estrutura de Concreto (Pessoa com Defici\u00eancia) &#8211; Ensino Fundamental \/ Experi\u00eancia na fun\u00e7\u00e3o \/ Possuir laudo que comprove defici\u00eancia que permita a realiza\u00e7\u00e3o das atividades com seguran\u00e7a &#8211; 4 vagas<\/p>\n\n\n\n<p>Carpinteiro (Pessoa com Defici\u00eancia) &#8211; Ensino Fundamental \/ Experi\u00eancia na fun\u00e7\u00e3o \/ Possuir laudo que comprove defici\u00eancia que permita a realiza\u00e7\u00e3o das atividades com seguran\u00e7a &#8211; 4 vagas<\/p>\n","protected":false},"excerpt":{"rendered":"<p>A Prefeitura de Petr\u00f3polis est\u00e1 oferecendo, em seu Balc\u00e3o de Empregos na internet, mais 113<\/p>\n","protected":false},"author":1,"featured_media":36848,"comment_status":"closed","ping_status":"open","sticky":false,"template":"","format":"standard","meta":{"spay_email":"","footnotes":"","jetpack_publicize_message":""},"categories":[24],"tags":[],"jetpack_featured_media_url":"https:\/\/i0.wp.com\/jornaldeitaipava.com.br\/wp-content\/uploads\/2023\/10\/carteira-trabalho-agencia-brasil.jpeg?fit=768%2C459&ssl=1","jetpack_publicize_connections":[],"jetpack_sharing_enabled":true,"jetpack_likes_enabled":true,"jetpack-related-posts":[],"_links":{"self":[{"href":"https:\/\/jornaldeitaipava.com.br\/index.php\/wp-json\/wp\/v2\/posts\/38177"}],"collection":[{"href":"https:\/\/jornaldeitaipava.com.br\/index.php\/wp-json\/wp\/v2\/posts"}],"about":[{"href":"https:\/\/jornaldeitaipava.com.br\/index.php\/wp-json\/wp\/v2\/types\/post"}],"author":[{"embeddable":true,"href":"https:\/\/jornaldeitaipava.com.br\/index.php\/wp-json\/wp\/v2\/users\/1"}],"replies":[{"embeddable":true,"href":"https:\/\/jornaldeitaipava.com.br\/index.php\/wp-json\/wp\/v2\/comments?post=38177"}],"version-history":[{"count":1,"href":"https:\/\/jornaldeitaipava.com.br\/index.php\/wp-json\/wp\/v2\/posts\/38177\/revisions"}],"predecessor-version":[{"id":38178,"href":"https:\/\/jornaldeitaipava.com.br\/index.php\/wp-json\/wp\/v2\/posts\/38177\/revisions\/38178"}],"wp:featuredmedia":[{"embeddable":true,"href":"https:\/\/jornaldeitaipava.com.br\/index.php\/wp-json\/wp\/v2\/media\/36848"}],"wp:attachment":[{"href":"https:\/\/jornaldeitaipava.com.br\/index.php\/wp-json\/wp\/v2\/media?parent=38177"}],"wp:term":[{"taxonomy":"category","embeddable":true,"href":"https:\/\/jornaldeitaipava.com.br\/index.php\/wp-json\/wp\/v2\/categories?post=38177"},{"taxonomy":"post_tag","embeddable":true,"href":"https:\/\/jornaldeitaipava.com.br\/index.php\/wp-json\/wp\/v2\/tags?post=38177"}],"curies":[{"name":"wp","href":"https:\/\/api.w.org\/{rel}","templated":true}]}}