{"id":38179,"date":"2024-02-05T11:37:42","date_gmt":"2024-02-05T14:37:42","guid":{"rendered":"http:\/\/jornaldeitaipava.com.br\/?p=38179"},"modified":"2024-02-05T11:43:05","modified_gmt":"2024-02-05T14:43:05","slug":"a-folia-esta-garantida-em-paty-do-alferes","status":"publish","type":"post","link":"https:\/\/jornaldeitaipava.com.br\/index.php\/2024\/02\/05\/a-folia-esta-garantida-em-paty-do-alferes\/","title":{"rendered":"A folia est\u00e1 garantida em Paty do Alferes"},"content":{"rendered":"\n<p>O Carnaval promete muita anima\u00e7\u00e3o em Paty do Alferes. A prefeitura divulgou a programa\u00e7\u00e3o completa da festa que acontecer\u00e1 no Centro, na Granja Calif\u00f3rnia e no segundo distrito, Avelar.<br>Nos quatro dias de festa, al\u00e9m dos blocos, haver\u00e1 atividade infantis, apresenta\u00e7\u00f5es de DJs e shows com bandas e artistas locais, quem promete animar os foli\u00f5es todos os dias na Pra\u00e7a da Esta\u00e7\u00e3o \u00e9 o tradicional Bloco Mundo Negro.<br>Confira a programa\u00e7\u00e3o oficial completa:<\/p>\n\n\n\n<p>S\u00c1BADO (10)<br>Centro<br>15h \u2013 19h \u2013 Pintura facial infantil<br>19h \u00e0s 23h \u2013 Bloco Mundo Negro<br>23h30 \u2013 Bloco Ai Que \u00d3dio<br>23h30 \u2013 Show Quintal do Pagodinho<br>(DJ nos intervalos)<\/p>\n\n\n\n<p>Granja Calif\u00f3rnia<br>23h \u2013 Bloco das Mulinhas<\/p>\n\n\n\n<p>DOMINGO (11)<br>Centro<br>10h \u2013Bloco Concentra Nos Sabores<br>15h \u2013 Bloco Amigos do Sase<br>15h \u00e0s 19h \u2013 Pintura facial infantil<br>18h \u2013 Bloco das Piranhas do Goiabal<br>19h \u00e0s 23h \u2013 Bloco Mundo Negro<br>23h30 \u2013 Show com a banda Efik\u00e1cia<br>(DJ nos intervalos)<\/p>\n\n\n\n<p>Granja Calif\u00f3rnia<br>16h \u2013 Bloco da Amizade (infantil)<br>21h \u2013 Bloco Ki Beleza<br>22h \u2013 Bloco Das Torcidas<br>23h \u2013 Bloco das Mulinhas<br>00h \u2013 Show com Banda Medley<br>(DJ nos intervalos)<\/p>\n\n\n\n<p>Avelar<br>15h \u00e0s 19h \u2013 Pintura facial infantil<br>20h \u2013 Bloco N\u00f3s do Morro<br>22h \u2013 Show do Loukamizade<\/p>\n\n\n\n<p>SEGUNDA (12)<br>Centro<br>12h \u2013 Bloco Concentra Mas N\u00e3o Sai<br>15h \u00e0s 19h \u2013 Pintura facial infantil<br>19h \u00e0s 23h \u2013 Bloco Mundo Negro<br>20h \u2013 Bloco Unidos do Goiabal<br>21h \u2013 Bloco Baixa Renda<br>22h \u2013 Bloco M\u00e1fia do Gole<br>23h \u2013 Bloco da Esperan\u00e7a<br>00h \u2013 Banda Ca\u00e7arola Samba Show<br>(DJ nos intervalos)<\/p>\n\n\n\n<p>Granja Calif\u00f3rnia<br>23h \u2013 Bloco das Mulinhas<br>00h \u2013 Show com grupo Vem Sambar<br>(DJ nos intervalos)<\/p>\n\n\n\n<p>TER\u00c7A (13)<br>Centro<br>10h \u2013 Bloco Concentra Nos Sabores com baile infantil<br>15h \u00e0s 19h \u2013 Pintura facial infantil<br>18h \u2013 Bloco Da Abelha<br>19h \u00e0s 23h \u2013 Bloco Mundo Negro<br>23h30 \u2013 Show com Grupo Pirra\u00e7a<br>(DJ nos intervalos)<\/p>\n\n\n\n<p>Granja Calif\u00f3rnia<br>16h \u2013 Bloco da Amizade (infantil)<br>21h \u2013 Bloco Ki Beleza<br>23h \u2013 Bloco das Mulinhas<br>00h \u2013 Grupo Puro Ritmo Samba Show<br>(DJ nos intervalos)<\/p>\n\n\n\n<p>Avelar<br>15h \u00e0s 19h \u2013 Pintura facial infantil<br>20h \u2013 Bloco N\u00f3s do Morro<br>23h \u2013 Show com banda Vem Sambar<\/p>\n","protected":false},"excerpt":{"rendered":"<p>O Carnaval promete muita anima\u00e7\u00e3o em Paty do Alferes. A prefeitura divulgou a programa\u00e7\u00e3o completa<\/p>\n","protected":false},"author":1,"featured_media":14412,"comment_status":"closed","ping_status":"open","sticky":false,"template":"","format":"standard","meta":{"spay_email":"","footnotes":"","jetpack_publicize_message":""},"categories":[5],"tags":[],"jetpack_featured_media_url":"https:\/\/i0.wp.com\/jornaldeitaipava.com.br\/wp-content\/uploads\/2021\/05\/paty.jpg?fit=469%2C251&ssl=1","jetpack_publicize_connections":[],"jetpack_sharing_enabled":true,"jetpack_likes_enabled":true,"jetpack-related-posts":[],"_links":{"self":[{"href":"https:\/\/jornaldeitaipava.com.br\/index.php\/wp-json\/wp\/v2\/posts\/38179"}],"collection":[{"href":"https:\/\/jornaldeitaipava.com.br\/index.php\/wp-json\/wp\/v2\/posts"}],"about":[{"href":"https:\/\/jornaldeitaipava.com.br\/index.php\/wp-json\/wp\/v2\/types\/post"}],"author":[{"embeddable":true,"href":"https:\/\/jornaldeitaipava.com.br\/index.php\/wp-json\/wp\/v2\/users\/1"}],"replies":[{"embeddable":true,"href":"https:\/\/jornaldeitaipava.com.br\/index.php\/wp-json\/wp\/v2\/comments?post=38179"}],"version-history":[{"count":1,"href":"https:\/\/jornaldeitaipava.com.br\/index.php\/wp-json\/wp\/v2\/posts\/38179\/revisions"}],"predecessor-version":[{"id":38180,"href":"https:\/\/jornaldeitaipava.com.br\/index.php\/wp-json\/wp\/v2\/posts\/38179\/revisions\/38180"}],"wp:featuredmedia":[{"embeddable":true,"href":"https:\/\/jornaldeitaipava.com.br\/index.php\/wp-json\/wp\/v2\/media\/14412"}],"wp:attachment":[{"href":"https:\/\/jornaldeitaipava.com.br\/index.php\/wp-json\/wp\/v2\/media?parent=38179"}],"wp:term":[{"taxonomy":"category","embeddable":true,"href":"https:\/\/jornaldeitaipava.com.br\/index.php\/wp-json\/wp\/v2\/categories?post=38179"},{"taxonomy":"post_tag","embeddable":true,"href":"https:\/\/jornaldeitaipava.com.br\/index.php\/wp-json\/wp\/v2\/tags?post=38179"}],"curies":[{"name":"wp","href":"https:\/\/api.w.org\/{rel}","templated":true}]}}