{"id":38191,"date":"2024-02-08T12:20:00","date_gmt":"2024-02-08T15:20:00","guid":{"rendered":"http:\/\/jornaldeitaipava.com.br\/?p=38191"},"modified":"2024-02-07T09:21:11","modified_gmt":"2024-02-07T12:21:11","slug":"feirinha-de-itaipava-estara-aberta-na-semana-de-carnaval","status":"publish","type":"post","link":"https:\/\/jornaldeitaipava.com.br\/index.php\/2024\/02\/08\/feirinha-de-itaipava-estara-aberta-na-semana-de-carnaval\/","title":{"rendered":"Feirinha de Itaipava estar\u00e1 aberta na semana de Carnaval"},"content":{"rendered":"\n<p>Com o Carnaval se aproximando, a Feirinha de Itaipava se prepara para receber o p\u00fablico com muitas tend\u00eancias, cores e estilo. Durante toda a semana carnavalesca, das 10h \u00e0s 19h, o polo de moda estar\u00e1 aberto, oferecendo aos visitantes a oportunidade de explorar uma variedade cativante de produtos.<br>Para aqueles que buscam itens para compor o look de Carnaval, a Feirinha \u00e9 o destino ideal. Com quase 400 estandes, o polo de moda est\u00e1 alinhado com as tend\u00eancias do momento e oferece uma ampla variedade de roupas, sapatos, acess\u00f3rios e muito mais.<br>No Carnaval 2024, espera-se que roupas vibrantes e em tons de rosa, inspiradas no estilo Barbiecore, estejam em destaque. Al\u00e9m disso, biqu\u00ednis estilosos, sand\u00e1lias metalizadas e acess\u00f3rios fundamentais, como tiaras, pochetes e brincos grandes, devem roubar a cena, adicionando glamour \u00e0s produ\u00e7\u00f5es festivas. Para completar o visual, as maquiagens com cores vibrantes como azul, vermelho, rosa e laranja s\u00e3o inspira\u00e7\u00f5es do momento.<\/p>\n\n\n\n<p><strong>Estacionamento gratuito e op\u00e7\u00f5es gastron\u00f4micas<br><\/strong>Garantindo a seguran\u00e7a e o conforto dos visitantes, a Feirinha de Itaipava oferece um amplo estacionamento. Al\u00e9m disso, o espa\u00e7o conta com uma variedade de op\u00e7\u00f5es gastron\u00f4micas, incluindo restaurantes, lanchonetes e cafeteria, onde os visitantes podem desfrutar de uma deliciosa refei\u00e7\u00e3o ou fazer uma pausa para um lanche r\u00e1pido entre as compras.<br>Mais informa\u00e7\u00f5es tamb\u00e9m podem ser obtidas no Instagram do polo de moda (@feirinha_itaipava).<\/p>\n","protected":false},"excerpt":{"rendered":"<p>Com o Carnaval se aproximando, a Feirinha de Itaipava se prepara para receber o p\u00fablico<\/p>\n","protected":false},"author":1,"featured_media":36505,"comment_status":"closed","ping_status":"open","sticky":false,"template":"","format":"standard","meta":{"spay_email":"","footnotes":"","jetpack_publicize_message":""},"categories":[2],"tags":[],"jetpack_featured_media_url":"https:\/\/i2.wp.com\/jornaldeitaipava.com.br\/wp-content\/uploads\/2023\/09\/Divulgacao-Feirinha-de-Itaipava-2.jpeg?fit=1600%2C1066&ssl=1","jetpack_publicize_connections":[],"jetpack_sharing_enabled":true,"jetpack_likes_enabled":true,"jetpack-related-posts":[],"_links":{"self":[{"href":"https:\/\/jornaldeitaipava.com.br\/index.php\/wp-json\/wp\/v2\/posts\/38191"}],"collection":[{"href":"https:\/\/jornaldeitaipava.com.br\/index.php\/wp-json\/wp\/v2\/posts"}],"about":[{"href":"https:\/\/jornaldeitaipava.com.br\/index.php\/wp-json\/wp\/v2\/types\/post"}],"author":[{"embeddable":true,"href":"https:\/\/jornaldeitaipava.com.br\/index.php\/wp-json\/wp\/v2\/users\/1"}],"replies":[{"embeddable":true,"href":"https:\/\/jornaldeitaipava.com.br\/index.php\/wp-json\/wp\/v2\/comments?post=38191"}],"version-history":[{"count":1,"href":"https:\/\/jornaldeitaipava.com.br\/index.php\/wp-json\/wp\/v2\/posts\/38191\/revisions"}],"predecessor-version":[{"id":38192,"href":"https:\/\/jornaldeitaipava.com.br\/index.php\/wp-json\/wp\/v2\/posts\/38191\/revisions\/38192"}],"wp:featuredmedia":[{"embeddable":true,"href":"https:\/\/jornaldeitaipava.com.br\/index.php\/wp-json\/wp\/v2\/media\/36505"}],"wp:attachment":[{"href":"https:\/\/jornaldeitaipava.com.br\/index.php\/wp-json\/wp\/v2\/media?parent=38191"}],"wp:term":[{"taxonomy":"category","embeddable":true,"href":"https:\/\/jornaldeitaipava.com.br\/index.php\/wp-json\/wp\/v2\/categories?post=38191"},{"taxonomy":"post_tag","embeddable":true,"href":"https:\/\/jornaldeitaipava.com.br\/index.php\/wp-json\/wp\/v2\/tags?post=38191"}],"curies":[{"name":"wp","href":"https:\/\/api.w.org\/{rel}","templated":true}]}}