{"id":38195,"date":"2024-02-07T09:55:22","date_gmt":"2024-02-07T12:55:22","guid":{"rendered":"http:\/\/jornaldeitaipava.com.br\/?p=38195"},"modified":"2024-02-07T09:55:26","modified_gmt":"2024-02-07T12:55:26","slug":"vereadora-realiza-live-sobre-conscientizacao-da-gravidez-na-adolescencia","status":"publish","type":"post","link":"https:\/\/jornaldeitaipava.com.br\/index.php\/2024\/02\/07\/vereadora-realiza-live-sobre-conscientizacao-da-gravidez-na-adolescencia\/","title":{"rendered":"Vereadora realiza live sobre conscientiza\u00e7\u00e3o da gravidez na adolesc\u00eancia"},"content":{"rendered":"\n<p class=\"has-text-align-center\">Iniciativa tem como objetivo esclarecer d\u00favidas e apontar os riscos da gesta\u00e7\u00e3o precoce, bem como destacar as formas de preven\u00e7\u00e3o para os jovens<\/p>\n\n\n\n<p><br>A vereadora J\u00falia Casamasso, representante da Coletiva Feminista Popular, promove nesta quarta-feira (07), \u00e0s 19h, uma live pelo Instagram da Coletiva como parte da Semana Nacional de Preven\u00e7\u00e3o da Gravidez na Adolesc\u00eancia. O bate papo contar\u00e1 com a participa\u00e7\u00e3o de Daniela Freitas, doula e presidente do Projeto Reage M\u00e3e, e de Carol Bessa, estudante de pedagogia e integrante do mandato da parlamentar.<br>O objetivo \u00e9 viabilizar, de forma popular, informa\u00e7\u00f5es que passam desde a import\u00e2ncia do planejamento familiar com a presen\u00e7a de profissional de sa\u00fade da fam\u00edlia nas unidades b\u00e1sicas de atendimento \u00e0 sa\u00fade, os riscos de uma gesta\u00e7\u00e3o precoce, bem como formas de preven\u00e7\u00e3o, al\u00e9m de refor\u00e7ar a import\u00e2ncia dos cuidados com o bem-estar e sa\u00fade dos adolescentes. Ainda ser\u00e3o abordados, durante a live, os desafios de conciliar a maternidade e o trabalho.<br>De acordo com dados do Sistema de Informa\u00e7\u00f5es sobre Nascidos Vivos (Sinasc), em 2023, aproximadamente 268 jovens (com idade de 10 a 19 anos) se tornaram m\u00e3es, em Petr\u00f3polis.<br>\u201cEssa iniciativa visa sensibilizar os adolescentes, de ambos os sexos, sobre as consequ\u00eancias da gravidez durante a adolesc\u00eancia, entendendo a import\u00e2ncia da preven\u00e7\u00e3o (por meio de m\u00e9todos contraceptivos), n\u00e3o s\u00f3 da gesta\u00e7\u00e3o, mas tamb\u00e9m de infec\u00e7\u00f5es sexualmente transmiss\u00edveis (ISTs). Mas n\u00e3o s\u00f3 isso, entendemos esses altos \u00edndices como um problema estruturante da nossa sociedade e isso requer interven\u00e7\u00f5es por meio de pol\u00edticas p\u00fablicas. Assim, uma das a\u00e7\u00f5es do mandato para garantir a educa\u00e7\u00e3o\/forma\u00e7\u00e3o desses jovens foi a cria\u00e7\u00e3o do Projeto de Lei 2338\/2023, para a promo\u00e7\u00e3o de palestras sobre preven\u00e7\u00e3o \u00e0 gravidez precoce para alunos do 2\u00ba ciclo do Ensino Fundamental da rede municipal p\u00fablica de ensino\u201d, conta J\u00falia.<br>Segundo o Minist\u00e9rio da Sa\u00fade, a gravidez na adolesc\u00eancia afeta a qualidade de vida das jovens m\u00e3es que est\u00e3o sujeitas a maior ocorr\u00eancia de complica\u00e7\u00f5es como abortamento, diabetes gestacional, parto prematuro e depress\u00e3o p\u00f3s-parto. Podendo ainda afetar os estudos, resultando em abandono ou interrup\u00e7\u00e3o da vida escolar.<br>\u201cA preven\u00e7\u00e3o da gravidez na adolesc\u00eancia n\u00e3o se trata apenas de evitar uma gesta\u00e7\u00e3o indesejada, mas tamb\u00e9m de promover o bem-estar e o desenvolvimento saud\u00e1vel dos jovens. Educa\u00e7\u00e3o sexual abrangente, acesso a servi\u00e7os de sa\u00fade sexual e reprodutiva, incluindo contracep\u00e7\u00e3o e aconselhamento, bem como o apoio de fam\u00edlias e comunidades s\u00e3o essenciais para ajudar os adolescentes a tomarem decis\u00f5es informadas e respons\u00e1veis sobre sua sa\u00fade sexual\u201d, destaca Daniela.<\/p>\n","protected":false},"excerpt":{"rendered":"<p>Iniciativa tem como objetivo esclarecer d\u00favidas e apontar os riscos da gesta\u00e7\u00e3o precoce, bem como<\/p>\n","protected":false},"author":1,"featured_media":38030,"comment_status":"closed","ping_status":"open","sticky":false,"template":"","format":"standard","meta":{"spay_email":"","footnotes":"","jetpack_publicize_message":""},"categories":[2],"tags":[],"jetpack_featured_media_url":"https:\/\/i2.wp.com\/jornaldeitaipava.com.br\/wp-content\/uploads\/2024\/01\/Lancamento-relatorio-Julia-Casamasso_Credito-Amanda-Barbatiti_1-scaled.jpeg?fit=2560%2C1707&ssl=1","jetpack_publicize_connections":[],"jetpack_sharing_enabled":true,"jetpack_likes_enabled":true,"jetpack-related-posts":[],"_links":{"self":[{"href":"https:\/\/jornaldeitaipava.com.br\/index.php\/wp-json\/wp\/v2\/posts\/38195"}],"collection":[{"href":"https:\/\/jornaldeitaipava.com.br\/index.php\/wp-json\/wp\/v2\/posts"}],"about":[{"href":"https:\/\/jornaldeitaipava.com.br\/index.php\/wp-json\/wp\/v2\/types\/post"}],"author":[{"embeddable":true,"href":"https:\/\/jornaldeitaipava.com.br\/index.php\/wp-json\/wp\/v2\/users\/1"}],"replies":[{"embeddable":true,"href":"https:\/\/jornaldeitaipava.com.br\/index.php\/wp-json\/wp\/v2\/comments?post=38195"}],"version-history":[{"count":1,"href":"https:\/\/jornaldeitaipava.com.br\/index.php\/wp-json\/wp\/v2\/posts\/38195\/revisions"}],"predecessor-version":[{"id":38196,"href":"https:\/\/jornaldeitaipava.com.br\/index.php\/wp-json\/wp\/v2\/posts\/38195\/revisions\/38196"}],"wp:featuredmedia":[{"embeddable":true,"href":"https:\/\/jornaldeitaipava.com.br\/index.php\/wp-json\/wp\/v2\/media\/38030"}],"wp:attachment":[{"href":"https:\/\/jornaldeitaipava.com.br\/index.php\/wp-json\/wp\/v2\/media?parent=38195"}],"wp:term":[{"taxonomy":"category","embeddable":true,"href":"https:\/\/jornaldeitaipava.com.br\/index.php\/wp-json\/wp\/v2\/categories?post=38195"},{"taxonomy":"post_tag","embeddable":true,"href":"https:\/\/jornaldeitaipava.com.br\/index.php\/wp-json\/wp\/v2\/tags?post=38195"}],"curies":[{"name":"wp","href":"https:\/\/api.w.org\/{rel}","templated":true}]}}