{"id":38197,"date":"2024-02-11T09:58:00","date_gmt":"2024-02-11T12:58:00","guid":{"rendered":"http:\/\/jornaldeitaipava.com.br\/?p=38197"},"modified":"2024-02-07T09:59:54","modified_gmt":"2024-02-07T12:59:54","slug":"especialistas-reunem-dicas-de-cuidados-durante-o-carnaval","status":"publish","type":"post","link":"https:\/\/jornaldeitaipava.com.br\/index.php\/2024\/02\/11\/especialistas-reunem-dicas-de-cuidados-durante-o-carnaval\/","title":{"rendered":"Especialistas re\u00fanem dicas de cuidados durante o carnaval"},"content":{"rendered":"\n<p>A hora de cair na folia necessita de uma aten\u00e7\u00e3o especial, principalmente com a hidrata\u00e7\u00e3o<br>A folia de carnaval j\u00e1 teve in\u00edcio e para aproveitar da melhor forma poss\u00edvel, s\u00e3o precisos alguns cuidados com a sa\u00fade. O desgaste f\u00edsico e o calor intenso, caracter\u00edsticos do per\u00edodo, exigem do foli\u00e3o uma aten\u00e7\u00e3o especial, principalmente com a hidrata\u00e7\u00e3o. \u00c9 preciso cuidado para evitar que o excesso de calor e atividades causem danos \u00e0 sa\u00fade durante o carnaval.<br>Um problema muito comum nesse per\u00edodo \u00e9 a desidrata\u00e7\u00e3o. A sede n\u00e3o \u00e9 o \u00fanico sinal de pouca ingest\u00e3o de \u00e1gua. O indiv\u00edduo tamb\u00e9m pode apresentar intestino preso, pele seca, incha\u00e7o (reten\u00e7\u00e3o de l\u00edquido), fome, cansa\u00e7o, fadiga e dores de cabe\u00e7a &#8211; todos os sinais de alerta para o consumo restrito de \u00e1gua. Em geral, o ser humano perde dois litros e meio de \u00e1gua por dia que s\u00e3o eliminados pela urina, fezes, saliva e suor. Quando a perda de l\u00edquidos ultrapassa esse limite, \u00e9 considerado um caso de desidrata\u00e7\u00e3o. E, em per\u00edodos mais quentes ou com grande intensidade de atividades, a transpira\u00e7\u00e3o excessiva pode contribuir para o quadro de desidrata\u00e7\u00e3o.<br>Em geral, perdemos 2,5 litros de \u00e1gua por dia, eliminados pela urina, fezes, saliva e suor. Quando a perda de l\u00edquidos ultrapassa esse limite, \u00e9 considerada um caso de desidrata\u00e7\u00e3o &#8211; e em per\u00edodos mais quentes, a transpira\u00e7\u00e3o excessiva pode contribuir para o quadro de desidrata\u00e7\u00e3o.<br>De acordo com o cardiologista e professor do IDOMED, Dr. Jober Teixeira Bastos, o calor tamb\u00e9m provoca a dilata\u00e7\u00e3o dos vasos sangu\u00edneos, reduzindo a press\u00e3o arterial. \u201cPor esse motivo, \u00e9 necess\u00e1ria uma aten\u00e7\u00e3o especial com a hidrata\u00e7\u00e3o, para que o corpo n\u00e3o sofra tanto nos per\u00edodos de calor intenso e nem corra o risco de desidratar. Al\u00e9m da aten\u00e7\u00e3o especial com a hidrata\u00e7\u00e3o, \u00e9 recomend\u00e1vel a ingest\u00e3o de alimentos leves e a utiliza\u00e7\u00e3o de roupas frescas adequadas \u00e0 esta\u00e7\u00e3o\u201d, diz o cardiologista.<br>Ele acrescenta que, em geral, o calor provoca a redu\u00e7\u00e3o da press\u00e3o sangu\u00ednea, o que pode at\u00e9 diminuir o risco de infarto. \u201cApesar disso, se houver muita perda de l\u00edquido ou grande aumento do esfor\u00e7o (atividades de ver\u00e3o), isto pode aumentar o risco para o cora\u00e7\u00e3o\u201d, ressalta o professor.<br>A nutricionista e docente do curso de Nutri\u00e7\u00e3o da Est\u00e1cio, Elisa de Esp\u00edndola, explica que alimentos gordurosos e frituras devem ser evitados nos dias de maior calor ou ainda antes de atividades. \u201cAlimentos gordurosos costumam deixar a digest\u00e3o mais lenta, piorando sintomas como mal-estar e fadiga, sensa\u00e7\u00f5es comuns em dias de calor e de atividades. Salgados, frituras e outros petiscos tamb\u00e9m s\u00e3o ricos em sal e favorecem a reten\u00e7\u00e3o h\u00eddrica\u201d, diz a nutricionista.<br>Apostar em consumo de alimentos e bebidas saud\u00e1veis \u00e9 o trunfo para aproveitar os dias de folia sem nenhum percal\u00e7o. A nutricionista ressalta ainda que, para quem quiser variar um pouco na hora de se hidratar sem fugir do saud\u00e1vel, existem op\u00e7\u00f5es refrescantes e deliciosas. \u201cD\u00e1 para aromatizar a \u00e1gua com hortel\u00e3, aproveitar os ch\u00e1s gelados de prefer\u00eancia \u00e0 base de ervas, flores e especiarias e sem a\u00e7\u00facar, e \u00e9 claro a \u00e1gua de coco\u201d.<br>A nutricionista separou tr\u00eas receitinhas f\u00e1ceis e refrescantes para amenizar a sensa\u00e7\u00e3o t\u00e9rmica nos dias de calor mais intensos:<\/p>\n\n\n\n<p>Smoothie de banana e manga:<br>\u00b7 1 banana congelada;<br>\u00b7 1\/2 manga espada congelada;<br>\u00b7 150 ml de leite vegetal ou de vaca;<br>\u00b7 1 colher de ch\u00e1 de mel;<br>\u00b7 Pode adicionar um scoop de whey sem sabor;<br>Bater tudo e consumir em seguida.<\/p>\n\n\n\n<p>Pudim de chia<br>\u00b7 120 ml de leite vegetal ou de vaca<br>\u00b7 2 colheres de sopa de aveia em flocos finos<br>\u00b7 2 colheres de sopa de chia<br>\u00b7 Pode acrescentar frutas como banana, morango ou uva<br>Misture na noite anterior e reservar na geladeira para ser consumido no dia seguinte.<\/p>\n\n\n\n<p>A\u00e7a\u00ed com banana e granola<br>\u00b7 1 polpa de a\u00e7a\u00ed congelada<br>\u00b7 1 banana madura<br>\u00b7 Mel<br>Bater tudo e acrescentar 2 colheres de sopa de granola<\/p>\n","protected":false},"excerpt":{"rendered":"<p>A hora de cair na folia necessita de uma aten\u00e7\u00e3o especial, principalmente com a hidrata\u00e7\u00e3oA<\/p>\n","protected":false},"author":1,"featured_media":38198,"comment_status":"closed","ping_status":"open","sticky":false,"template":"","format":"standard","meta":{"spay_email":"","footnotes":"","jetpack_publicize_message":""},"categories":[2],"tags":[],"jetpack_featured_media_url":"https:\/\/i1.wp.com\/jornaldeitaipava.com.br\/wp-content\/uploads\/2024\/02\/WhatsApp-Image-2024-02-06-at-11.35.53.jpeg?fit=733%2C412&ssl=1","jetpack_publicize_connections":[],"jetpack_sharing_enabled":true,"jetpack_likes_enabled":true,"jetpack-related-posts":[],"_links":{"self":[{"href":"https:\/\/jornaldeitaipava.com.br\/index.php\/wp-json\/wp\/v2\/posts\/38197"}],"collection":[{"href":"https:\/\/jornaldeitaipava.com.br\/index.php\/wp-json\/wp\/v2\/posts"}],"about":[{"href":"https:\/\/jornaldeitaipava.com.br\/index.php\/wp-json\/wp\/v2\/types\/post"}],"author":[{"embeddable":true,"href":"https:\/\/jornaldeitaipava.com.br\/index.php\/wp-json\/wp\/v2\/users\/1"}],"replies":[{"embeddable":true,"href":"https:\/\/jornaldeitaipava.com.br\/index.php\/wp-json\/wp\/v2\/comments?post=38197"}],"version-history":[{"count":1,"href":"https:\/\/jornaldeitaipava.com.br\/index.php\/wp-json\/wp\/v2\/posts\/38197\/revisions"}],"predecessor-version":[{"id":38199,"href":"https:\/\/jornaldeitaipava.com.br\/index.php\/wp-json\/wp\/v2\/posts\/38197\/revisions\/38199"}],"wp:featuredmedia":[{"embeddable":true,"href":"https:\/\/jornaldeitaipava.com.br\/index.php\/wp-json\/wp\/v2\/media\/38198"}],"wp:attachment":[{"href":"https:\/\/jornaldeitaipava.com.br\/index.php\/wp-json\/wp\/v2\/media?parent=38197"}],"wp:term":[{"taxonomy":"category","embeddable":true,"href":"https:\/\/jornaldeitaipava.com.br\/index.php\/wp-json\/wp\/v2\/categories?post=38197"},{"taxonomy":"post_tag","embeddable":true,"href":"https:\/\/jornaldeitaipava.com.br\/index.php\/wp-json\/wp\/v2\/tags?post=38197"}],"curies":[{"name":"wp","href":"https:\/\/api.w.org\/{rel}","templated":true}]}}