{"id":38200,"date":"2024-02-09T10:00:00","date_gmt":"2024-02-09T13:00:00","guid":{"rendered":"http:\/\/jornaldeitaipava.com.br\/?p=38200"},"modified":"2024-02-07T10:02:32","modified_gmt":"2024-02-07T13:02:32","slug":"nem-descanso-nem-folia-rio-das-ostras-e-o-destino-ideal-para-amantes-de-jazz-e-blues","status":"publish","type":"post","link":"https:\/\/jornaldeitaipava.com.br\/index.php\/2024\/02\/09\/nem-descanso-nem-folia-rio-das-ostras-e-o-destino-ideal-para-amantes-de-jazz-e-blues\/","title":{"rendered":"Nem descanso, nem folia: Rio das Ostras \u00e9 o destino ideal para amantes de jazz e blues"},"content":{"rendered":"\n<p class=\"has-text-align-center\"><strong>Omar Coleman e Laretha Weathersby est\u00e3o confirmados no &#8220;Carna Jazz&#8221; 2024<\/strong><\/p>\n\n\n\n<p><br>Rio das Ostras (RJ) \u00e9 o destino certo para quem n\u00e3o quer descansar no Carnaval, mas tamb\u00e9m n\u00e3o curte a folia tradicional de blocos, trio el\u00e9trico e samba. Os norte-americanos Omar Coleman e Laretha Weathersby est\u00e3o confirmad\u00edssimos na programa\u00e7\u00e3o do Carna Jazz. A cidade, reconhecida como a capital estadual do Jazz e do Blues pela Lei n\u00ba 6056\/2011, trar\u00e1 um pouco do grande festival para dentro da festa de Momo como uma op\u00e7\u00e3o alternativa. Os shows, todos gratuitos, acontecem nos dias 10, 11 e 12, no anfiteatro da Lagoa do Iriry, localizada dentro de uma das unidades de conserva\u00e7\u00e3o do Munic\u00edpio, proporcionando uma atmosfera ainda mais incr\u00edvel \u00e0s apresenta\u00e7\u00f5es.<br>O cantor e gaitista Omar Coleman mostrar\u00e1 por que se tornou um dos principais artistas da nova gera\u00e7\u00e3o do blues e do R&amp;B de Chicago, encantando plateias ao redor do mundo. Ele se apresentar\u00e1 no dia 10, logo ap\u00f3s Su\u00ea Domingues, que traz para Rio das Ostras um espet\u00e1culo de \u00d3pera Rock.<br>No dia 11, teremos um tributo a Elza Soares por Cl\u00e1udia Falc\u00e3o, seguido pela Banda do S\u00edndico, formada por alguns integrantes da banda Vit\u00f3ria R\u00e9gia, que acompanhou Tim Maia durante sua carreira.<br>Laretha Weathersby, a fus\u00e3o entre o jazz e o blues, promete trazer sua efervesc\u00eancia para o palco de Rio das Ostras no dia 12. Nos anos 1990, ela emergiu como uma das principais vocalistas femininas do blues e, em 2009 e 2010, foi eleita &#8220;Chicago Blues Diva Of the Year&#8221;. No mesmo dia, os Afroribeirinhos apresentam uma fus\u00e3o de ritmos da regi\u00e3o Norte do Brasil, como o carimb\u00f3, enaltecendo a cultura amaz\u00f4nica e a pulsante influ\u00eancia afro-brasileira.<br>Em 2024, o Rio das Ostras Jazz &amp; Blues Festival celebrar\u00e1 sua 20\u00aa edi\u00e7\u00e3o, e o Carna Jazz surge como um aquecimento para esta grande festa, prevista para ocorrer entre 30 de maio e 2 de junho, durante o feriad\u00e3o de Corpus Christi.<\/p>\n\n\n\n<p>SERVI\u00c7O Carna Jazz:<\/p>\n\n\n\n<ul>\n<li>Dias 10, 11 e 12 de fevereiro (Carnaval)<\/li>\n\n\n\n<li>A partir das 15h30<\/li>\n\n\n\n<li>Entrada gratuita<\/li>\n<\/ul>\n\n\n\n<p>Programa\u00e7\u00e3o:<br>DIA 10:<\/p>\n\n\n\n<ul>\n<li>15h30 &#8211; SU\u00ca DOMINGUES<\/li>\n\n\n\n<li>17h &#8211; OMAR COLEMAN (EUA)<\/li>\n<\/ul>\n\n\n\n<p>DIA 11:<\/p>\n\n\n\n<ul>\n<li>15h30 &#8211; CL\u00c1UDIA CANTA ELZA SOARES e CL\u00c1SSICOS DAN\u00c7ANTES da MPB<\/li>\n\n\n\n<li>17h &#8211; BANDA DO S\u00cdNDICO Tributo a TIM MAIA<\/li>\n<\/ul>\n\n\n\n<p>DIA 12:<\/p>\n\n\n\n<ul>\n<li>15h30 &#8211; BANDA AFRORIBEIRINHOS<\/li>\n\n\n\n<li>17h &#8211; LARETHA WEATHERSBY (EUA)<\/li>\n<\/ul>\n","protected":false},"excerpt":{"rendered":"<p>Omar Coleman e Laretha Weathersby est\u00e3o confirmados no &#8220;Carna Jazz&#8221; 2024 Rio das Ostras (RJ)<\/p>\n","protected":false},"author":1,"featured_media":38201,"comment_status":"closed","ping_status":"open","sticky":false,"template":"","format":"standard","meta":{"spay_email":"","footnotes":"","jetpack_publicize_message":""},"categories":[5],"tags":[],"jetpack_featured_media_url":"https:\/\/i2.wp.com\/jornaldeitaipava.com.br\/wp-content\/uploads\/2024\/02\/Foto-Jorge-Ronald-scaled.jpg?fit=2560%2C1707&ssl=1","jetpack_publicize_connections":[],"jetpack_sharing_enabled":true,"jetpack_likes_enabled":true,"jetpack-related-posts":[],"_links":{"self":[{"href":"https:\/\/jornaldeitaipava.com.br\/index.php\/wp-json\/wp\/v2\/posts\/38200"}],"collection":[{"href":"https:\/\/jornaldeitaipava.com.br\/index.php\/wp-json\/wp\/v2\/posts"}],"about":[{"href":"https:\/\/jornaldeitaipava.com.br\/index.php\/wp-json\/wp\/v2\/types\/post"}],"author":[{"embeddable":true,"href":"https:\/\/jornaldeitaipava.com.br\/index.php\/wp-json\/wp\/v2\/users\/1"}],"replies":[{"embeddable":true,"href":"https:\/\/jornaldeitaipava.com.br\/index.php\/wp-json\/wp\/v2\/comments?post=38200"}],"version-history":[{"count":1,"href":"https:\/\/jornaldeitaipava.com.br\/index.php\/wp-json\/wp\/v2\/posts\/38200\/revisions"}],"predecessor-version":[{"id":38202,"href":"https:\/\/jornaldeitaipava.com.br\/index.php\/wp-json\/wp\/v2\/posts\/38200\/revisions\/38202"}],"wp:featuredmedia":[{"embeddable":true,"href":"https:\/\/jornaldeitaipava.com.br\/index.php\/wp-json\/wp\/v2\/media\/38201"}],"wp:attachment":[{"href":"https:\/\/jornaldeitaipava.com.br\/index.php\/wp-json\/wp\/v2\/media?parent=38200"}],"wp:term":[{"taxonomy":"category","embeddable":true,"href":"https:\/\/jornaldeitaipava.com.br\/index.php\/wp-json\/wp\/v2\/categories?post=38200"},{"taxonomy":"post_tag","embeddable":true,"href":"https:\/\/jornaldeitaipava.com.br\/index.php\/wp-json\/wp\/v2\/tags?post=38200"}],"curies":[{"name":"wp","href":"https:\/\/api.w.org\/{rel}","templated":true}]}}