{"id":38206,"date":"2024-02-09T10:05:00","date_gmt":"2024-02-09T13:05:00","guid":{"rendered":"http:\/\/jornaldeitaipava.com.br\/?p=38206"},"modified":"2024-02-07T10:06:39","modified_gmt":"2024-02-07T13:06:39","slug":"carnaval-do-shopping-vilarejo-sacode-itaipava-com-o-taruira-no-comando-da-folia","status":"publish","type":"post","link":"https:\/\/jornaldeitaipava.com.br\/index.php\/2024\/02\/09\/carnaval-do-shopping-vilarejo-sacode-itaipava-com-o-taruira-no-comando-da-folia\/","title":{"rendered":"Carnaval do Shopping Vilarejo sacode Itaipava com o Taru\u00edra no comando da folia"},"content":{"rendered":"\n<p class=\"has-text-align-center\"><strong>Entrada franca nos tr\u00eas dias de bailinho com o grupo de choro que \u00e9 sucesso absoluto<\/strong><\/p>\n\n\n\n<p><br>Em um mergulho apaixonado nas ra\u00edzes do Carnaval, o Shopping Vilarejo, em Itaipava, promete agitar a temporada carnavalesca com os contagiantes bailinhos do Taru\u00edra, atra\u00e7\u00e3o para todas as idades. Neste 12\u00ba ano de parceria, a festa acontecer\u00e1 durante tr\u00eas dias, das 16h \u00e0s 20h, de domingo a ter\u00e7a-feira. E mais: com entrada franca.<br>Considerado um dos eventos mais concorridos e esperados de Petr\u00f3polis, o Carnaval do Vilarejo n\u00e3o \u00e9 apenas uma celebra\u00e7\u00e3o; \u00e9 um espet\u00e1culo ansiado, cobi\u00e7ado e gravado no calend\u00e1rio por todos que buscam uma experi\u00eancia \u00fanica.<br>O administrador do espa\u00e7o, Tiago Corr\u00eaa, enfatiza a proposta de intera\u00e7\u00e3o, divers\u00e3o e uni\u00e3o familiar. \u201cO Vilarejo, sempre acolhedor, ganha ainda mais vida no Carnaval. \u00c0 medida que as batidas do Taru\u00edra ressoam na Pra\u00e7a do Sol, Petr\u00f3polis revive uma experi\u00eancia autenticamente brasileira de alegria, m\u00fasica e tradi\u00e7\u00e3o\u201d, destaca.<br>Na Pra\u00e7a do Sol, entre confetes e serpentinas, o Vilarejo se transforma em um cen\u00e1rio vibrante, com decora\u00e7\u00e3o especial inspirada em Pierrot, Colombina e Arlequim, \u00edcones das tradicionais marchinhas. Sob o ritmo envolvente do Taru\u00edra, o p\u00fablico ser\u00e1 levado por um turbilh\u00e3o de sambas e marchinhas que est\u00e3o na boca do povo.<br>O Taru\u00edra neste Carnaval vai estar composto por Breno Morais (sax e flauta), Yuri Garrido (bateria), Guto Menezes (cavaquinho e viol\u00e3o), Arthur Leite (trombone), Wesley Costalonga (trompete), Wiliam Belle (guitarra), Jo\u00e3o Pedro (viol\u00e3o de 7 cordas) e Thalita Villa (baixo), prometendo dias de pura divers\u00e3o. Al\u00e9m do time de bambas, o Taru\u00edra ainda conta com convidadas especiais para cada dia de Carnaval: Suzane Werdt no domingo; N\u00edvea Seabra na segunda-feira e Kika Notini na ter\u00e7a-feira.<br>Breno Morais, do Taru\u00edra, antecipa um Carnaval repleto de alegria e m\u00fasica diversificada: \u201cPartiremos das adoradas marchinhas, s\u00edmbolos de nossa cultura, passaremos por forr\u00f3 e maxixe, at\u00e9 chegar ao chorinho, nossa marca registrada, com toques de m\u00fasica pop. Os sets do Taru\u00edra s\u00e3o puro amor\u201d, afirma.<br>Al\u00e9m da explos\u00e3o musical do Taru\u00edra, a anima\u00e7\u00e3o inclui o vers\u00e1til DJ Cris, com presen\u00e7a confirmada nas noites de s\u00e1bado, domingo e segunda-feira (10, 11 e 12), das 20h \u00e0s 23h, e uma pr\u00e9via na sexta-feira (09), \u00e0s 20h, aquecendo os \u00e2nimos para Carnaval. Enquanto as notas musicais envolvem o ambiente, o Vilarejo destaca seu polo gastron\u00f4mico, oferecendo op\u00e7\u00f5es variadas para recarregar as energias. Bares e restaurantes apresentar\u00e3o card\u00e1pios especiais e pratos tradicionais, proporcionando uma experi\u00eancia culin\u00e1ria \u00fanica e deliciosa.<\/p>\n\n\n\n<p><strong>Carnavau Au, Au rola no s\u00e1bado<br><\/strong>E uma novidade este ano \u00e9 o Carnavau Au Au. Sob a curadoria da veterin\u00e1ria Hazel Hathaway, do consult\u00f3rio e pet shop &#8220;Be Happy&#8221; do shopping, o evento, que inaugura as festividades do Carnaval Vilarejo no s\u00e1bado, dia 10, das 16h \u00e0s 20h, promete proporcionar uma experi\u00eancia \u00fanica e inclusiva para crian\u00e7as e seus ador\u00e1veis pets. E a dupla de crian\u00e7a e pet com as fantasias mais bacanas concorre a um pr\u00eamio. O Carnavau Au, Au \u00e9 para toda a fam\u00edlia, vai ser animado pelo DJ Cris e tem entrada franca.<\/p>\n\n\n\n<p><strong>Servi\u00e7o:<br><\/strong>Carnaval Vilarejo com grupo Taru\u00edra<br>Data: domingo, segunda e ter\u00e7a &#8211; 11, 12 e 13 fevereiro<br>Hor\u00e1rio: das 16h \u00e0s 20h<br>DJ Cris nas noites de sexta, s\u00e1bado, domingo e segunda (09 a 12), de 20h \u00e0s 23h.<br>Endere\u00e7o: Estrada Uni\u00e3o e Ind\u00fastria, 10.035 \u2013 Itaipava \u2013 Petr\u00f3polis\/RJ<br>Entrada: gratuita<\/p>\n\n\n\n<p><strong>Carnavau Au, Au<br><\/strong>Data: 10 de fevereiro<br>Hor\u00e1rio: das 16h \u00e0s 20h<br>Com DJ Cris<br>Concurso de fantasia mais bacana da crian\u00e7a e seu pet<br>Endere\u00e7o: Estrada Uni\u00e3o e Ind\u00fastria, 10.035 \u2013 Itaipava \u2013 Petr\u00f3polis\/RJ<br>Entrada: gratuita<\/p>\n","protected":false},"excerpt":{"rendered":"<p>Entrada franca nos tr\u00eas dias de bailinho com o grupo de choro que \u00e9 sucesso<\/p>\n","protected":false},"author":1,"featured_media":38207,"comment_status":"closed","ping_status":"open","sticky":false,"template":"","format":"standard","meta":{"spay_email":"","footnotes":"","jetpack_publicize_message":""},"categories":[42],"tags":[],"jetpack_featured_media_url":"https:\/\/i1.wp.com\/jornaldeitaipava.com.br\/wp-content\/uploads\/2024\/02\/Carnaval-no-Vilarejo-foto-de-Mariana-Rocha-1.jpg?fit=1334%2C749&ssl=1","jetpack_publicize_connections":[],"jetpack_sharing_enabled":true,"jetpack_likes_enabled":true,"jetpack-related-posts":[],"_links":{"self":[{"href":"https:\/\/jornaldeitaipava.com.br\/index.php\/wp-json\/wp\/v2\/posts\/38206"}],"collection":[{"href":"https:\/\/jornaldeitaipava.com.br\/index.php\/wp-json\/wp\/v2\/posts"}],"about":[{"href":"https:\/\/jornaldeitaipava.com.br\/index.php\/wp-json\/wp\/v2\/types\/post"}],"author":[{"embeddable":true,"href":"https:\/\/jornaldeitaipava.com.br\/index.php\/wp-json\/wp\/v2\/users\/1"}],"replies":[{"embeddable":true,"href":"https:\/\/jornaldeitaipava.com.br\/index.php\/wp-json\/wp\/v2\/comments?post=38206"}],"version-history":[{"count":1,"href":"https:\/\/jornaldeitaipava.com.br\/index.php\/wp-json\/wp\/v2\/posts\/38206\/revisions"}],"predecessor-version":[{"id":38208,"href":"https:\/\/jornaldeitaipava.com.br\/index.php\/wp-json\/wp\/v2\/posts\/38206\/revisions\/38208"}],"wp:featuredmedia":[{"embeddable":true,"href":"https:\/\/jornaldeitaipava.com.br\/index.php\/wp-json\/wp\/v2\/media\/38207"}],"wp:attachment":[{"href":"https:\/\/jornaldeitaipava.com.br\/index.php\/wp-json\/wp\/v2\/media?parent=38206"}],"wp:term":[{"taxonomy":"category","embeddable":true,"href":"https:\/\/jornaldeitaipava.com.br\/index.php\/wp-json\/wp\/v2\/categories?post=38206"},{"taxonomy":"post_tag","embeddable":true,"href":"https:\/\/jornaldeitaipava.com.br\/index.php\/wp-json\/wp\/v2\/tags?post=38206"}],"curies":[{"name":"wp","href":"https:\/\/api.w.org\/{rel}","templated":true}]}}