{"id":38209,"date":"2024-02-07T10:46:52","date_gmt":"2024-02-07T13:46:52","guid":{"rendered":"http:\/\/jornaldeitaipava.com.br\/?p=38209"},"modified":"2024-02-07T10:46:54","modified_gmt":"2024-02-07T13:46:54","slug":"lutador-petropolitano-alan-dos-santos-conquista-vitoria-na-competicao-da-federacao-de-jiu-jitsu-do-estado-do-rio-de-janeiro","status":"publish","type":"post","link":"https:\/\/jornaldeitaipava.com.br\/index.php\/2024\/02\/07\/lutador-petropolitano-alan-dos-santos-conquista-vitoria-na-competicao-da-federacao-de-jiu-jitsu-do-estado-do-rio-de-janeiro\/","title":{"rendered":"Lutador petropolitano Alan dos Santos conquista vit\u00f3ria na competi\u00e7\u00e3o da Federa\u00e7\u00e3o de Jiu-Jitsu do Estado do Rio de Janeiro"},"content":{"rendered":"\n<p class=\"has-text-align-center\">Retorno triunfante ap\u00f3s 7 anos afastado das competi\u00e7\u00f5es<\/p>\n\n\n\n<p><br>No \u00faltimo s\u00e1bado, 03 de fevereiro, o lutador petropolitano Alan dos Santos, representando a equipe Wellington Brasa, brilhou em uma competi\u00e7\u00e3o organizada pela Federa\u00e7\u00e3o de Jiu-Jitsu do Estado do Rio de Janeiro (FJJRio). O evento, sediado na Arena da Juventude, tamb\u00e9m conhecida como Arena de Deodoro, na Vila Militar do Rio de Janeiro, reuniu alguns dos melhores praticantes do esporte.<br>Alan participou na categoria Master 2 leve, at\u00e9 76 kg, demonstrando t\u00e9cnica apurada e dedica\u00e7\u00e3o incans\u00e1vel aos treinos. Enfrentando uma chave de lutas desafiadora, que exigiu determina\u00e7\u00e3o e habilidade. &#8220;Essa vit\u00f3ria tem um significado muito especial para mim, estive afastado das competi\u00e7\u00f5es por sete anos. Retornar ao cen\u00e1rio competitivo e alcan\u00e7ar o sucesso novamente \u00e9 uma sensa\u00e7\u00e3o indescrit\u00edvel. N\u00e3o apenas representa a valida\u00e7\u00e3o de todo o esfor\u00e7o e dedica\u00e7\u00e3o que coloquei nos treinos, mas tamb\u00e9m traz visibilidade para o esporte em Petr\u00f3polis&#8221;, disse Alan.<br>Esta vit\u00f3ria representa um momento significativo na carreira do lutador, marcando seu retorno triunfante ao cen\u00e1rio competitivo ap\u00f3s um per\u00edodo dedicado principalmente ao ensino como professor. Depois de um intervalo focado em transmitir o conhecimento e paix\u00e3o pelo jiu-jitsu aos alunos da academia Fight Corner, Alan demonstrou que habilidade e determina\u00e7\u00e3o continuam afiadas, reafirmando seu lugar entre os melhores competidores da modalidade. &#8220;Essa vit\u00f3ria n\u00e3o \u00e9 apenas minha, mas tamb\u00e9m de todos os meus alunos que treinam arduamente na academia todos os dias. Quero que meus alunos se inspirem nesta vit\u00f3ria e percebam que eles tamb\u00e9m s\u00e3o capazes de alcan\u00e7ar grandes feitos no jiu-jitsu e em suas vidas pessoais&#8221;, completou ele.<br>Agora o lutador j\u00e1 se prepara para as pr\u00f3ximas competi\u00e7\u00f5es agendadas para este ano. Os treinos intensos e a prepara\u00e7\u00e3o meticulosa continuam todos os dias para trazer a vit\u00f3ria no Campeonato Sul-Americano de Jiu-Jitsu Ol\u00edmpico 2024, realizado pela Confedera\u00e7\u00e3o de Jiu-Jitsu Ol\u00edmpico no dia 24 de fevereiro.<\/p>\n","protected":false},"excerpt":{"rendered":"<p>Retorno triunfante ap\u00f3s 7 anos afastado das competi\u00e7\u00f5es No \u00faltimo s\u00e1bado, 03 de fevereiro, o<\/p>\n","protected":false},"author":1,"featured_media":38210,"comment_status":"closed","ping_status":"open","sticky":false,"template":"","format":"standard","meta":{"spay_email":"","footnotes":"","jetpack_publicize_message":""},"categories":[9],"tags":[],"jetpack_featured_media_url":"https:\/\/i1.wp.com\/jornaldeitaipava.com.br\/wp-content\/uploads\/2024\/02\/WhatsApp-Image-2024-02-06-at-12.00.17.jpeg?fit=1600%2C1200&ssl=1","jetpack_publicize_connections":[],"jetpack_sharing_enabled":true,"jetpack_likes_enabled":true,"jetpack-related-posts":[],"_links":{"self":[{"href":"https:\/\/jornaldeitaipava.com.br\/index.php\/wp-json\/wp\/v2\/posts\/38209"}],"collection":[{"href":"https:\/\/jornaldeitaipava.com.br\/index.php\/wp-json\/wp\/v2\/posts"}],"about":[{"href":"https:\/\/jornaldeitaipava.com.br\/index.php\/wp-json\/wp\/v2\/types\/post"}],"author":[{"embeddable":true,"href":"https:\/\/jornaldeitaipava.com.br\/index.php\/wp-json\/wp\/v2\/users\/1"}],"replies":[{"embeddable":true,"href":"https:\/\/jornaldeitaipava.com.br\/index.php\/wp-json\/wp\/v2\/comments?post=38209"}],"version-history":[{"count":1,"href":"https:\/\/jornaldeitaipava.com.br\/index.php\/wp-json\/wp\/v2\/posts\/38209\/revisions"}],"predecessor-version":[{"id":38211,"href":"https:\/\/jornaldeitaipava.com.br\/index.php\/wp-json\/wp\/v2\/posts\/38209\/revisions\/38211"}],"wp:featuredmedia":[{"embeddable":true,"href":"https:\/\/jornaldeitaipava.com.br\/index.php\/wp-json\/wp\/v2\/media\/38210"}],"wp:attachment":[{"href":"https:\/\/jornaldeitaipava.com.br\/index.php\/wp-json\/wp\/v2\/media?parent=38209"}],"wp:term":[{"taxonomy":"category","embeddable":true,"href":"https:\/\/jornaldeitaipava.com.br\/index.php\/wp-json\/wp\/v2\/categories?post=38209"},{"taxonomy":"post_tag","embeddable":true,"href":"https:\/\/jornaldeitaipava.com.br\/index.php\/wp-json\/wp\/v2\/tags?post=38209"}],"curies":[{"name":"wp","href":"https:\/\/api.w.org\/{rel}","templated":true}]}}