{"id":38223,"date":"2024-02-11T11:09:00","date_gmt":"2024-02-11T14:09:00","guid":{"rendered":"http:\/\/jornaldeitaipava.com.br\/?p=38223"},"modified":"2024-02-07T11:10:59","modified_gmt":"2024-02-07T14:10:59","slug":"decreto-da-prefeitura-moderniza-o-servico-de-taxi","status":"publish","type":"post","link":"https:\/\/jornaldeitaipava.com.br\/index.php\/2024\/02\/11\/decreto-da-prefeitura-moderniza-o-servico-de-taxi\/","title":{"rendered":"Decreto da Prefeitura moderniza o servi\u00e7o de t\u00e1xi"},"content":{"rendered":"\n<p>Os taxistas de Petr\u00f3polis poder\u00e3o agora usar ve\u00edculos modelos SUV e caminhonetes compactas no atendimento \u00e0 popula\u00e7\u00e3o. O decreto municipal, que atualiza a legisla\u00e7\u00e3o 648\/2003, foi assinado nesta ter\u00e7a-feira (6), durante solenidade na Casa dos Conselhos Municipais Augusto \u00c2ngelo Zanatta (pr\u00e9dio anexo a sede da Prefeitura).<br>\u201cEstamos dando um passo importante para diversificar o instrumento de trabalho da categoria, atendendo uma demanda que \u00e9 real\u201d, disse o prefeito Rubens Bomtempo, que assinou o novo decreto municipal durante a solenidade. \u201cEsse \u00e9 mais um avan\u00e7o e conquista, junto com a padroniza\u00e7\u00e3o da frota e chegada do GNV\u201d, lembrou o prefeito.<br>De acordo com o decreto, os ve\u00edculos utilizados no servi\u00e7o de t\u00e1xi ser\u00e3o, obrigatoriamente, da cor branca com capacidade para quatro pessoas. Podendo ser nos modelos: hatch, sedan, SUV ou caminhonete compactada. \u00c9 vedada a utiliza\u00e7\u00e3o de ve\u00edculos tipo van e semelhantes.<br>\u201c\u00c9 um avan\u00e7o nas pautas da categoria. Estamos felizes de mantermos este di\u00e1logo para podermos conquistar ainda mais\u201d, disse o diretor-presidente da Companhia Petropolitana de Tr\u00e2nsito e Transportes (CPTrans), Thiago Damaceno.<br>O decreto diz ainda que o ve\u00edculo tipo caminhonete compacta, s\u00f3 ser\u00e1 permitido o transporte de carga de pequeno porte com a presen\u00e7a de passageiros em viagem, sendo proibido o transporte exclusivo de cargas. Os ve\u00edculos tamb\u00e9m s\u00f3 poder\u00e3o operar no servi\u00e7o de t\u00e1xi cuja fabrica\u00e7\u00e3o n\u00e3o ultrapasse 12 anos.<br>\u201cAgrade\u00e7o a Prefeitura por estar atendendo essa nossa demanda. Agora vamos poder atender os turistas que chegam \u00e0 cidade, pois teremos espa\u00e7o para transportar as malas; atender os compradores podendo transportar cargas de pequeno porte\u201d, comentou o presidente da Associa\u00e7\u00e3o dos Taxistas de Petr\u00f3polis (Astape), Josemar Abreu de Carvalho.<\/p>\n","protected":false},"excerpt":{"rendered":"<p>Os taxistas de Petr\u00f3polis poder\u00e3o agora usar ve\u00edculos modelos SUV e caminhonetes compactas no atendimento<\/p>\n","protected":false},"author":1,"featured_media":16338,"comment_status":"closed","ping_status":"open","sticky":false,"template":"","format":"standard","meta":{"spay_email":"","footnotes":"","jetpack_publicize_message":""},"categories":[2],"tags":[],"jetpack_featured_media_url":"https:\/\/i2.wp.com\/jornaldeitaipava.com.br\/wp-content\/uploads\/2021\/06\/TAXI.png?fit=478%2C273&ssl=1","jetpack_publicize_connections":[],"jetpack_sharing_enabled":true,"jetpack_likes_enabled":true,"jetpack-related-posts":[],"_links":{"self":[{"href":"https:\/\/jornaldeitaipava.com.br\/index.php\/wp-json\/wp\/v2\/posts\/38223"}],"collection":[{"href":"https:\/\/jornaldeitaipava.com.br\/index.php\/wp-json\/wp\/v2\/posts"}],"about":[{"href":"https:\/\/jornaldeitaipava.com.br\/index.php\/wp-json\/wp\/v2\/types\/post"}],"author":[{"embeddable":true,"href":"https:\/\/jornaldeitaipava.com.br\/index.php\/wp-json\/wp\/v2\/users\/1"}],"replies":[{"embeddable":true,"href":"https:\/\/jornaldeitaipava.com.br\/index.php\/wp-json\/wp\/v2\/comments?post=38223"}],"version-history":[{"count":1,"href":"https:\/\/jornaldeitaipava.com.br\/index.php\/wp-json\/wp\/v2\/posts\/38223\/revisions"}],"predecessor-version":[{"id":38224,"href":"https:\/\/jornaldeitaipava.com.br\/index.php\/wp-json\/wp\/v2\/posts\/38223\/revisions\/38224"}],"wp:featuredmedia":[{"embeddable":true,"href":"https:\/\/jornaldeitaipava.com.br\/index.php\/wp-json\/wp\/v2\/media\/16338"}],"wp:attachment":[{"href":"https:\/\/jornaldeitaipava.com.br\/index.php\/wp-json\/wp\/v2\/media?parent=38223"}],"wp:term":[{"taxonomy":"category","embeddable":true,"href":"https:\/\/jornaldeitaipava.com.br\/index.php\/wp-json\/wp\/v2\/categories?post=38223"},{"taxonomy":"post_tag","embeddable":true,"href":"https:\/\/jornaldeitaipava.com.br\/index.php\/wp-json\/wp\/v2\/tags?post=38223"}],"curies":[{"name":"wp","href":"https:\/\/api.w.org\/{rel}","templated":true}]}}